{"id":69276,"date":"2025-10-08T23:48:06","date_gmt":"2025-10-08T23:48:06","guid":{"rendered":"https:\/\/lahora.mx\/?p=69276"},"modified":"2025-10-09T00:05:10","modified_gmt":"2025-10-09T00:05:10","slug":"proxima-semana-discuten-reforma-a-ley-de-amparo-en-san-lazaro","status":"publish","type":"post","link":"https:\/\/lahora.mx\/index.php\/2025\/10\/08\/proxima-semana-discuten-reforma-a-ley-de-amparo-en-san-lazaro\/","title":{"rendered":"Pr\u00f3xima semana discuten reforma a Ley de Amparo en San L\u00e1zaro"},"content":{"rendered":"\n<p>La C\u00e1mara de Diputados inici\u00f3 formalmente el an\u00e1lisis de la minuta enviada por el Senado con reformas a la Ley de Amparo, la cual fue turnada a las comisiones de Justicia y de Hacienda para su estudio y dictamen.<\/p>\n\n\n\n<p>El presidente de la Junta de Coordinaci\u00f3n Pol\u00edtica (Jucopo), Ricardo Monreal \u00c1vila, explic\u00f3 que ambas comisiones sesionar\u00e1n de manera conjunta debido a que la propuesta tambi\u00e9n contempla cambios al C\u00f3digo Fiscal de la Federaci\u00f3n.<\/p>\n\n\n\n<p>La ley de amparo, la ruta que va a seguir es la siguiente. Ayer ya se turn\u00f3 a dos comisiones dictaminadoras, la Comisi\u00f3n de Justicia y la Comisi\u00f3n de Hacienda\u201d.<\/p>\n\n\n\n<p>De acuerdo con el legislador, la Comisi\u00f3n de Hacienda fue incluida en el proceso por las implicaciones fiscales que acompa\u00f1an a las modificaciones jur\u00eddicas planteadas.<\/p>\n\n\n\n<p>\u00bfPor qu\u00e9 hoy incluimos Hacienda? Porque hay una parte de modificaci\u00f3n en el C\u00f3digo Fiscal de la Federaci\u00f3n, aparte de las modificaciones a la ley de amparo\u201d.<\/p>\n\n\n\n<p>Imagen intermedia<br>Se turn\u00f3 a comisiones<br>Monreal \u00c1vila se\u00f1al\u00f3 que las comisiones han acordado un calendario de trabajo intensivo para recibir observaciones, opiniones y posibles propuestas de cambio antes de emitir el dictamen.<\/p>\n\n\n\n<p>Las dos comisiones van a dictaminar el lunes pr\u00f3ximo. Ya se turn\u00f3 a comisiones ayer, hoy tienen Mesa Directiva, ahorita tienen Mesa Directiva de las comisiones y van a dejar abierta la discusi\u00f3n para aceptar observaciones, aceptar propuestas de modificaci\u00f3n o lo que la gente quiera opinar dentro de las comisiones de Justicia y de Hacienda\u201d, subray\u00f3 el legislador.<\/p>\n\n\n\n<p>El tambi\u00e9n Coordinador de Morena precis\u00f3 que se prev\u00e9 votar el dictamen en comisiones el pr\u00f3ximo lunes, para que pueda ser discutido en el Pleno de la C\u00e1mara de Diputados entre martes y mi\u00e9rcoles de la pr\u00f3xima semana.<\/p>\n\n\n\n<p>No, en comisiones el lunes y lo pasar\u00edamos al pleno el martes o el mi\u00e9rcoles de la semana pr\u00f3xima\u2026 para que el viernes estemos en aptitud de aprobar o no de votar el dictamen\u201d.<\/p>\n\n\n\n<p>La reforma a la Ley de Amparo ha generado opiniones encontrados, ya que plantea modificaciones al alcance de las suspensiones y al papel de los jueces en la protecci\u00f3n de derechos frente a actos de autoridad.<\/p>\n","protected":false},"excerpt":{"rendered":"<p>La C\u00e1mara de Diputados inici\u00f3 formalmente el an\u00e1lisis de la minuta enviada por el Senado con reformas a la Ley de Amparo, la cual fue turnada a las comisiones de Justicia y de Hacienda para su estudio y dictamen. El presidente de la Junta de Coordinaci\u00f3n Pol\u00edtica (Jucopo), Ricardo Monreal \u00c1vila, explic\u00f3 que ambas comisiones [&hellip;]<\/p>\n","protected":false},"author":1,"featured_media":69278,"comment_status":"open","ping_status":"open","sticky":false,"template":"","format":"standard","meta":{"om_disable_all_campaigns":false,"_monsterinsights_skip_tracking":false,"_monsterinsights_sitenote_active":false,"_monsterinsights_sitenote_note":"","_monsterinsights_sitenote_category":0,"footnotes":""},"categories":[175],"tags":[],"class_list":["post-69276","post","type-post","status-publish","format-standard","has-post-thumbnail","hentry","category-local"],"amp_enabled":true,"_links":{"self":[{"href":"https:\/\/lahora.mx\/index.php\/wp-json\/wp\/v2\/posts\/69276","targetHints":{"allow":["GET"]}}],"collection":[{"href":"https:\/\/lahora.mx\/index.php\/wp-json\/wp\/v2\/posts"}],"about":[{"href":"https:\/\/lahora.mx\/index.php\/wp-json\/wp\/v2\/types\/post"}],"author":[{"embeddable":true,"href":"https:\/\/lahora.mx\/index.php\/wp-json\/wp\/v2\/users\/1"}],"replies":[{"embeddable":true,"href":"https:\/\/lahora.mx\/index.php\/wp-json\/wp\/v2\/comments?post=69276"}],"version-history":[{"count":1,"href":"https:\/\/lahora.mx\/index.php\/wp-json\/wp\/v2\/posts\/69276\/revisions"}],"predecessor-version":[{"id":69279,"href":"https:\/\/lahora.mx\/index.php\/wp-json\/wp\/v2\/posts\/69276\/revisions\/69279"}],"wp:featuredmedia":[{"embeddable":true,"href":"https:\/\/lahora.mx\/index.php\/wp-json\/wp\/v2\/media\/69278"}],"wp:attachment":[{"href":"https:\/\/lahora.mx\/index.php\/wp-json\/wp\/v2\/media?parent=69276"}],"wp:term":[{"taxonomy":"category","embeddable":true,"href":"https:\/\/lahora.mx\/index.php\/wp-json\/wp\/v2\/categories?post=69276"},{"taxonomy":"post_tag","embeddable":true,"href":"https:\/\/lahora.mx\/index.php\/wp-json\/wp\/v2\/tags?post=69276"}],"curies":[{"name":"wp","href":"https:\/\/api.w.org\/{rel}","templated":true}]}}