{"id":69258,"date":"2025-10-08T18:36:54","date_gmt":"2025-10-08T18:36:54","guid":{"rendered":"https:\/\/lahora.mx\/?p=69258"},"modified":"2025-10-08T18:36:55","modified_gmt":"2025-10-08T18:36:55","slug":"detienen-a-integrante-de-los-marroquin-en-izucar","status":"publish","type":"post","link":"https:\/\/lahora.mx\/index.php\/2025\/10\/08\/detienen-a-integrante-de-los-marroquin-en-izucar\/","title":{"rendered":"Detienen a integrante de Los Marroqu\u00edn en Iz\u00facar"},"content":{"rendered":"\n<p>Elementos de la Secretar\u00eda de Seguridad P\u00fablica del estado de Puebla detuvieron a un masculino presunto miembro del grupo delictivo Los Marroqu\u00edn, vinculado a homicidios y distribuci\u00f3n de droga en la zona de la Mixteca Poblana.<\/p>\n\n\n\n<p>El detenido responde al nombre de Erik N de 28 a\u00f1os de edad quien es se\u00f1alado como presunto miembro del grupo delictivo Los Marroqu\u00edn, asimismo podr\u00eda estar vinculado a homicidios y distribuci\u00f3n de droga, aunado a este el detenido es considerado generador de violencia en comunidades como Atencingo y Ahuehuetzingo en el municipio de Chietla.<\/p>\n\n\n\n<p>Cabe mencionar que durante la detenci\u00f3n los uniformados aseguraron un arma de fuego calibre 9 mil\u00edmetros, 13 cartuchos \u00fatiles y una motocicleta Italika color azul que presuntamente utilizaba para cometer actos delictivos.<\/p>\n\n\n\n<p>Erik N cuenta con antecedentes penales por portaci\u00f3n ilegal de arma de fuego, tras su detenci\u00f3n fue puesto a disposici\u00f3n del Agente del Ministerio P\u00fablico, quien realizar\u00e1 las diligencias correspondientes para determinar su situaci\u00f3n jur\u00eddica.<\/p>\n","protected":false},"excerpt":{"rendered":"<p>Elementos de la Secretar\u00eda de Seguridad P\u00fablica del estado de Puebla detuvieron a un masculino presunto miembro del grupo delictivo Los Marroqu\u00edn, vinculado a homicidios y distribuci\u00f3n de droga en la zona de la Mixteca Poblana. El detenido responde al nombre de Erik N de 28 a\u00f1os de edad quien es se\u00f1alado como presunto miembro [&hellip;]<\/p>\n","protected":false},"author":1,"featured_media":69259,"comment_status":"open","ping_status":"open","sticky":false,"template":"","format":"standard","meta":{"om_disable_all_campaigns":false,"_monsterinsights_skip_tracking":false,"_monsterinsights_sitenote_active":false,"_monsterinsights_sitenote_note":"","_monsterinsights_sitenote_category":0,"footnotes":""},"categories":[175,226],"tags":[223],"class_list":["post-69258","post","type-post","status-publish","format-standard","has-post-thumbnail","hentry","category-local","category-policia","tag-puebla"],"amp_enabled":true,"_links":{"self":[{"href":"https:\/\/lahora.mx\/index.php\/wp-json\/wp\/v2\/posts\/69258","targetHints":{"allow":["GET"]}}],"collection":[{"href":"https:\/\/lahora.mx\/index.php\/wp-json\/wp\/v2\/posts"}],"about":[{"href":"https:\/\/lahora.mx\/index.php\/wp-json\/wp\/v2\/types\/post"}],"author":[{"embeddable":true,"href":"https:\/\/lahora.mx\/index.php\/wp-json\/wp\/v2\/users\/1"}],"replies":[{"embeddable":true,"href":"https:\/\/lahora.mx\/index.php\/wp-json\/wp\/v2\/comments?post=69258"}],"version-history":[{"count":1,"href":"https:\/\/lahora.mx\/index.php\/wp-json\/wp\/v2\/posts\/69258\/revisions"}],"predecessor-version":[{"id":69260,"href":"https:\/\/lahora.mx\/index.php\/wp-json\/wp\/v2\/posts\/69258\/revisions\/69260"}],"wp:featuredmedia":[{"embeddable":true,"href":"https:\/\/lahora.mx\/index.php\/wp-json\/wp\/v2\/media\/69259"}],"wp:attachment":[{"href":"https:\/\/lahora.mx\/index.php\/wp-json\/wp\/v2\/media?parent=69258"}],"wp:term":[{"taxonomy":"category","embeddable":true,"href":"https:\/\/lahora.mx\/index.php\/wp-json\/wp\/v2\/categories?post=69258"},{"taxonomy":"post_tag","embeddable":true,"href":"https:\/\/lahora.mx\/index.php\/wp-json\/wp\/v2\/tags?post=69258"}],"curies":[{"name":"wp","href":"https:\/\/api.w.org\/{rel}","templated":true}]}}