{"id":69255,"date":"2025-10-08T18:35:27","date_gmt":"2025-10-08T18:35:27","guid":{"rendered":"https:\/\/lahora.mx\/?p=69255"},"modified":"2025-10-08T18:35:28","modified_gmt":"2025-10-08T18:35:28","slug":"desempolva-la-chamarra-este-miercoles-se-registra-manana-fria-en-puebla","status":"publish","type":"post","link":"https:\/\/lahora.mx\/index.php\/2025\/10\/08\/desempolva-la-chamarra-este-miercoles-se-registra-manana-fria-en-puebla\/","title":{"rendered":"Desempolva la chamarra, este mi\u00e9rcoles se registra ma\u00f1ana fr\u00eda en Puebla"},"content":{"rendered":"\n<p>El Hurac\u00e1n \u201cPriscilla\u201d en M\u00e9xico sigue dejando afectaciones, por ejemplo, esta ma\u00f1ana del ocho de octubre se presenta fr\u00eda, por lo que poblanos visten chamarras, su\u00e9teres y gorros para combatir el viento y la sensaci\u00f3n t\u00e9rmica.<\/p>\n\n\n\n<p>En las calles de la ciudad de Puebla la mayor\u00eda de las personas salieron bien abrigadas, con amplias chamarras, pero muchas de ellas salieron con bufandas y gorros.<br><br>Debido a las condiciones meteorol\u00f3gicas adversas que continuar\u00e1n esta semana en M\u00e9xico, se prev\u00e9n para este mi\u00e9rcoles lluvias torrenciales en regiones de Hidalgo, Puebla, Oaxaca y Veracruz.<\/p>\n\n\n\n<p>Durante la temporada de fr\u00edo las autoridades recomiendan a la sociedad que se mantengan en un ambiente c\u00e1lido y abrigado para tener tu cuerpo en buena temperatura.<\/p>\n\n\n\n<p>Se espera un ambiente fr\u00edo a fresco durante el d\u00eda.<\/p>\n\n\n\n<p>En el d\u00eda se prev\u00e9n lluvias intensas a torrenciales, con actividad el\u00e9ctrica, rachas fuertes de viento y posible ca\u00edda de granizo, en Sierras Norte, Nororiental y Valle Serd\u00e1n. Adem\u00e1s de fuertes a muy fuertes en el resto del estado.<\/p>\n\n\n\n<p>Se estiman vientos de 20 a 30 km\/h con componente norte y rachas de 55 km\/h en la mayor parte del estado.<\/p>\n\n\n\n<p>Dentro del pron\u00f3stico del clima se espera de 15 \u00b0C, con una humedad del 78% y una temperatura m\u00e1xima de 21 \u00b0C.<\/p>\n","protected":false},"excerpt":{"rendered":"<p>El Hurac\u00e1n \u201cPriscilla\u201d en M\u00e9xico sigue dejando afectaciones, por ejemplo, esta ma\u00f1ana del ocho de octubre se presenta fr\u00eda, por lo que poblanos visten chamarras, su\u00e9teres y gorros para combatir el viento y la sensaci\u00f3n t\u00e9rmica. En las calles de la ciudad de Puebla la mayor\u00eda de las personas salieron bien abrigadas, con amplias chamarras, [&hellip;]<\/p>\n","protected":false},"author":1,"featured_media":69256,"comment_status":"open","ping_status":"open","sticky":false,"template":"","format":"standard","meta":{"om_disable_all_campaigns":false,"_monsterinsights_skip_tracking":false,"_monsterinsights_sitenote_active":false,"_monsterinsights_sitenote_note":"","_monsterinsights_sitenote_category":0,"footnotes":""},"categories":[175],"tags":[195,223],"class_list":["post-69255","post","type-post","status-publish","format-standard","has-post-thumbnail","hentry","category-local","tag-principal","tag-puebla"],"amp_enabled":true,"_links":{"self":[{"href":"https:\/\/lahora.mx\/index.php\/wp-json\/wp\/v2\/posts\/69255","targetHints":{"allow":["GET"]}}],"collection":[{"href":"https:\/\/lahora.mx\/index.php\/wp-json\/wp\/v2\/posts"}],"about":[{"href":"https:\/\/lahora.mx\/index.php\/wp-json\/wp\/v2\/types\/post"}],"author":[{"embeddable":true,"href":"https:\/\/lahora.mx\/index.php\/wp-json\/wp\/v2\/users\/1"}],"replies":[{"embeddable":true,"href":"https:\/\/lahora.mx\/index.php\/wp-json\/wp\/v2\/comments?post=69255"}],"version-history":[{"count":1,"href":"https:\/\/lahora.mx\/index.php\/wp-json\/wp\/v2\/posts\/69255\/revisions"}],"predecessor-version":[{"id":69257,"href":"https:\/\/lahora.mx\/index.php\/wp-json\/wp\/v2\/posts\/69255\/revisions\/69257"}],"wp:featuredmedia":[{"embeddable":true,"href":"https:\/\/lahora.mx\/index.php\/wp-json\/wp\/v2\/media\/69256"}],"wp:attachment":[{"href":"https:\/\/lahora.mx\/index.php\/wp-json\/wp\/v2\/media?parent=69255"}],"wp:term":[{"taxonomy":"category","embeddable":true,"href":"https:\/\/lahora.mx\/index.php\/wp-json\/wp\/v2\/categories?post=69255"},{"taxonomy":"post_tag","embeddable":true,"href":"https:\/\/lahora.mx\/index.php\/wp-json\/wp\/v2\/tags?post=69255"}],"curies":[{"name":"wp","href":"https:\/\/api.w.org\/{rel}","templated":true}]}}