{"id":69249,"date":"2025-10-08T18:22:33","date_gmt":"2025-10-08T18:22:33","guid":{"rendered":"https:\/\/lahora.mx\/?p=69249"},"modified":"2025-10-08T18:22:45","modified_gmt":"2025-10-08T18:22:45","slug":"mas-de-11500-beneficiados-con-el-programa-vivienda-para-policias-en-el-estado","status":"publish","type":"post","link":"https:\/\/lahora.mx\/index.php\/2025\/10\/08\/mas-de-11500-beneficiados-con-el-programa-vivienda-para-policias-en-el-estado\/","title":{"rendered":"M\u00e1s de 11500 beneficiados con el Programa Vivienda para polic\u00edas en el Estado"},"content":{"rendered":"\n<p>Con la finalidad de mejorar las condiciones de vida de las familias de los cuerpos de seguridad del estado en Puebla, el Programa Vivienda para polic\u00edas incluye la rehabilitaci\u00f3n de viviendas y el acceso a programas sociales como vivienda, salud y proyectos productivos.<\/p>\n\n\n\n<p>Con el acompa\u00f1amiento del director de Polic\u00eda Auxiliar, C\u00e9sar Castellanos, existe un avance de m\u00e1s del 70 por ciento en la construcci\u00f3n del padr\u00f3n de beneficiarios que espec\u00edficamente va dirigido a las \u00e1reas operativas, administrativas, caminos, custodios, el \u00e1rea forestal, incluso las \u00e1reas m\u00e9dicas de estas dos corporaciones, inform\u00f3 Jos\u00e9 Luis Figueroa, encargado de vivienda<br><br>Con una inversi\u00f3n total de 110 millones de pesos se ha beneficiado a m\u00e1s de 11500 elementos policiales.<\/p>\n\n\n\n<p>Se han abierto m\u00f3dulos de atenci\u00f3n para que los elementos de polic\u00eda pueden registrarse, cumplir con ciertos requisitos y presentar la siguiente documentaci\u00f3n:<\/p>\n\n\n\n<p>-Solicitud de apoyo<\/p>\n\n\n\n<p>-Identificaci\u00f3n oficial con fotograf\u00eda<\/p>\n\n\n\n<p>-Comprobante de domicilio<\/p>\n\n\n\n<p>-CURP<\/p>\n\n\n\n<p>-Credencial que compruebe que son elementos activos de la corporaci\u00f3n a la que pertenecen.<\/p>\n\n\n\n<p>El programa tiene cobertura en 217 municipios y busca promover el derecho humano a una vivienda adecuada y digna, finaliz\u00f3.<\/p>\n","protected":false},"excerpt":{"rendered":"<p>Con la finalidad de mejorar las condiciones de vida de las familias de los cuerpos de seguridad del estado en Puebla, el Programa Vivienda para polic\u00edas incluye la rehabilitaci\u00f3n de viviendas y el acceso a programas sociales como vivienda, salud y proyectos productivos. Con el acompa\u00f1amiento del director de Polic\u00eda Auxiliar, C\u00e9sar Castellanos, existe un [&hellip;]<\/p>\n","protected":false},"author":1,"featured_media":69250,"comment_status":"open","ping_status":"open","sticky":false,"template":"","format":"standard","meta":{"om_disable_all_campaigns":false,"_monsterinsights_skip_tracking":false,"_monsterinsights_sitenote_active":false,"_monsterinsights_sitenote_note":"","_monsterinsights_sitenote_category":0,"footnotes":""},"categories":[175],"tags":[239,223],"class_list":["post-69249","post","type-post","status-publish","format-standard","has-post-thumbnail","hentry","category-local","tag-gobierno","tag-puebla"],"amp_enabled":true,"_links":{"self":[{"href":"https:\/\/lahora.mx\/index.php\/wp-json\/wp\/v2\/posts\/69249","targetHints":{"allow":["GET"]}}],"collection":[{"href":"https:\/\/lahora.mx\/index.php\/wp-json\/wp\/v2\/posts"}],"about":[{"href":"https:\/\/lahora.mx\/index.php\/wp-json\/wp\/v2\/types\/post"}],"author":[{"embeddable":true,"href":"https:\/\/lahora.mx\/index.php\/wp-json\/wp\/v2\/users\/1"}],"replies":[{"embeddable":true,"href":"https:\/\/lahora.mx\/index.php\/wp-json\/wp\/v2\/comments?post=69249"}],"version-history":[{"count":1,"href":"https:\/\/lahora.mx\/index.php\/wp-json\/wp\/v2\/posts\/69249\/revisions"}],"predecessor-version":[{"id":69251,"href":"https:\/\/lahora.mx\/index.php\/wp-json\/wp\/v2\/posts\/69249\/revisions\/69251"}],"wp:featuredmedia":[{"embeddable":true,"href":"https:\/\/lahora.mx\/index.php\/wp-json\/wp\/v2\/media\/69250"}],"wp:attachment":[{"href":"https:\/\/lahora.mx\/index.php\/wp-json\/wp\/v2\/media?parent=69249"}],"wp:term":[{"taxonomy":"category","embeddable":true,"href":"https:\/\/lahora.mx\/index.php\/wp-json\/wp\/v2\/categories?post=69249"},{"taxonomy":"post_tag","embeddable":true,"href":"https:\/\/lahora.mx\/index.php\/wp-json\/wp\/v2\/tags?post=69249"}],"curies":[{"name":"wp","href":"https:\/\/api.w.org\/{rel}","templated":true}]}}