{"id":69238,"date":"2025-10-08T15:30:50","date_gmt":"2025-10-08T15:30:50","guid":{"rendered":"https:\/\/lahora.mx\/?p=69238"},"modified":"2025-10-08T15:30:51","modified_gmt":"2025-10-08T15:30:51","slug":"balacera-deja-un-herido-en-la-colonia-del-valle-de-puebla","status":"publish","type":"post","link":"https:\/\/lahora.mx\/index.php\/2025\/10\/08\/balacera-deja-un-herido-en-la-colonia-del-valle-de-puebla\/","title":{"rendered":"Balacera deja un herido en la colonia Del Valle de Puebla"},"content":{"rendered":"\n<p>La ma\u00f1ana de este martes se registraron detonaciones de arma de fuego en la colonia Del Valle, lo que provoc\u00f3 una intensa movilizaci\u00f3n de cuerpos policiacos y de emergencia.<\/p>\n\n\n\n<p>De acuerdo con los primeros reportes, el incidente ocurri\u00f3 en la intersecci\u00f3n de Avenida Valle de los Olivos y Avenida Valle de Tamaulipas, donde una persona result\u00f3 lesionada por un proyectil de arma de fuego. En el sitio se ubic\u00f3 un veh\u00edculo de color negro, presuntamente relacionado con los hechos.<br><br>Elementos de la Secretar\u00eda de Seguridad Ciudadana (SSC) acudieron al lugar para asegurar la zona y recabar indicios, mientras param\u00e9dicos brindaron atenci\u00f3n al herido, quien fue trasladado a un hospital para su valoraci\u00f3n m\u00e9dica.<\/p>\n\n\n\n<p>Hasta el momento, las autoridades no han informado sobre personas detenidas ni sobre el posible m\u00f3vil de la agresi\u00f3n, aunque las investigaciones contin\u00faan para esclarecer lo ocurrido.<\/p>\n","protected":false},"excerpt":{"rendered":"<p>La ma\u00f1ana de este martes se registraron detonaciones de arma de fuego en la colonia Del Valle, lo que provoc\u00f3 una intensa movilizaci\u00f3n de cuerpos policiacos y de emergencia. De acuerdo con los primeros reportes, el incidente ocurri\u00f3 en la intersecci\u00f3n de Avenida Valle de los Olivos y Avenida Valle de Tamaulipas, donde una persona [&hellip;]<\/p>\n","protected":false},"author":1,"featured_media":69239,"comment_status":"open","ping_status":"open","sticky":false,"template":"","format":"standard","meta":{"om_disable_all_campaigns":false,"_monsterinsights_skip_tracking":false,"_monsterinsights_sitenote_active":false,"_monsterinsights_sitenote_note":"","_monsterinsights_sitenote_category":0,"footnotes":""},"categories":[175,226],"tags":[],"class_list":["post-69238","post","type-post","status-publish","format-standard","has-post-thumbnail","hentry","category-local","category-policia"],"amp_enabled":true,"_links":{"self":[{"href":"https:\/\/lahora.mx\/index.php\/wp-json\/wp\/v2\/posts\/69238","targetHints":{"allow":["GET"]}}],"collection":[{"href":"https:\/\/lahora.mx\/index.php\/wp-json\/wp\/v2\/posts"}],"about":[{"href":"https:\/\/lahora.mx\/index.php\/wp-json\/wp\/v2\/types\/post"}],"author":[{"embeddable":true,"href":"https:\/\/lahora.mx\/index.php\/wp-json\/wp\/v2\/users\/1"}],"replies":[{"embeddable":true,"href":"https:\/\/lahora.mx\/index.php\/wp-json\/wp\/v2\/comments?post=69238"}],"version-history":[{"count":1,"href":"https:\/\/lahora.mx\/index.php\/wp-json\/wp\/v2\/posts\/69238\/revisions"}],"predecessor-version":[{"id":69240,"href":"https:\/\/lahora.mx\/index.php\/wp-json\/wp\/v2\/posts\/69238\/revisions\/69240"}],"wp:featuredmedia":[{"embeddable":true,"href":"https:\/\/lahora.mx\/index.php\/wp-json\/wp\/v2\/media\/69239"}],"wp:attachment":[{"href":"https:\/\/lahora.mx\/index.php\/wp-json\/wp\/v2\/media?parent=69238"}],"wp:term":[{"taxonomy":"category","embeddable":true,"href":"https:\/\/lahora.mx\/index.php\/wp-json\/wp\/v2\/categories?post=69238"},{"taxonomy":"post_tag","embeddable":true,"href":"https:\/\/lahora.mx\/index.php\/wp-json\/wp\/v2\/tags?post=69238"}],"curies":[{"name":"wp","href":"https:\/\/api.w.org\/{rel}","templated":true}]}}