{"id":69235,"date":"2025-10-08T15:26:37","date_gmt":"2025-10-08T15:26:37","guid":{"rendered":"https:\/\/lahora.mx\/?p=69235"},"modified":"2025-10-08T15:26:38","modified_gmt":"2025-10-08T15:26:38","slug":"sheinbaum-acusa-que-medios-exageran-los-casos-de-violencia","status":"publish","type":"post","link":"https:\/\/lahora.mx\/index.php\/2025\/10\/08\/sheinbaum-acusa-que-medios-exageran-los-casos-de-violencia\/","title":{"rendered":"Sheinbaum acusa que medios exageran los casos de violencia"},"content":{"rendered":"\n<p>En la conferencia matutina de hoy, la presidenta Claudia Sheinbaum abord\u00f3 el tema de la seguridad en M\u00e9xico se\u00f1alando que, si bien se han registrado avances en la reducci\u00f3n de homicidios dolosos, la percepci\u00f3n de inseguridad sigue siendo elevada entre la poblaci\u00f3n por diversas razones.<\/p>\n\n\n\n<p>Sheinbaum afirm\u00f3 que \u201cla percepci\u00f3n de la inseguridad tiene que ver con muchos puntos o aristas; se han reducido los homicidios dolosos, y se har\u00e1 lo necesario para disminuir la extorsi\u00f3n\u201d, y sostuvo que los medios convencionales muchas veces exageran los casos de violencia con el fin de generar un ambiente de inseguridad. Agreg\u00f3 que, en redes sociales, hay quienes pagan para propagar una imagen negativa \u201cde mala fe\u201d, pero reiter\u00f3 que el gobierno continuar\u00e1 trabajando todos los d\u00edas para mejorar la seguridad.<br><br>Como respaldo de esta postura, cifras oficiales citadas por el gobierno muestran una disminuci\u00f3n sostenida en homicidios dolosos. Por ejemplo, entre julio de 2024 y julio de 2025 hubo una baja del 25.3 % en el promedio diario de homicidios dolosos a nivel nacional, comparado con el periodo anterior. De manera m\u00e1s amplia, se ha destacado una reducci\u00f3n estimada de 27 % en estos delitos entre 2018 y enero de 2025.<\/p>\n\n\n\n<p>Sheinbaum tambi\u00e9n mencion\u00f3 que el nuevo Poder Judicial ser\u00e1 un apoyo importante en esta estrategia, sugiriendo que las reformas judiciales y los cambios institucionales en curso contribuir\u00e1n a consolidar los avances.<\/p>\n","protected":false},"excerpt":{"rendered":"<p>En la conferencia matutina de hoy, la presidenta Claudia Sheinbaum abord\u00f3 el tema de la seguridad en M\u00e9xico se\u00f1alando que, si bien se han registrado avances en la reducci\u00f3n de homicidios dolosos, la percepci\u00f3n de inseguridad sigue siendo elevada entre la poblaci\u00f3n por diversas razones. Sheinbaum afirm\u00f3 que \u201cla percepci\u00f3n de la inseguridad tiene que [&hellip;]<\/p>\n","protected":false},"author":1,"featured_media":69236,"comment_status":"open","ping_status":"open","sticky":false,"template":"","format":"standard","meta":{"om_disable_all_campaigns":false,"_monsterinsights_skip_tracking":false,"_monsterinsights_sitenote_active":false,"_monsterinsights_sitenote_note":"","_monsterinsights_sitenote_category":0,"footnotes":""},"categories":[176],"tags":[195],"class_list":["post-69235","post","type-post","status-publish","format-standard","has-post-thumbnail","hentry","category-nacional","tag-principal"],"amp_enabled":true,"_links":{"self":[{"href":"https:\/\/lahora.mx\/index.php\/wp-json\/wp\/v2\/posts\/69235","targetHints":{"allow":["GET"]}}],"collection":[{"href":"https:\/\/lahora.mx\/index.php\/wp-json\/wp\/v2\/posts"}],"about":[{"href":"https:\/\/lahora.mx\/index.php\/wp-json\/wp\/v2\/types\/post"}],"author":[{"embeddable":true,"href":"https:\/\/lahora.mx\/index.php\/wp-json\/wp\/v2\/users\/1"}],"replies":[{"embeddable":true,"href":"https:\/\/lahora.mx\/index.php\/wp-json\/wp\/v2\/comments?post=69235"}],"version-history":[{"count":1,"href":"https:\/\/lahora.mx\/index.php\/wp-json\/wp\/v2\/posts\/69235\/revisions"}],"predecessor-version":[{"id":69237,"href":"https:\/\/lahora.mx\/index.php\/wp-json\/wp\/v2\/posts\/69235\/revisions\/69237"}],"wp:featuredmedia":[{"embeddable":true,"href":"https:\/\/lahora.mx\/index.php\/wp-json\/wp\/v2\/media\/69236"}],"wp:attachment":[{"href":"https:\/\/lahora.mx\/index.php\/wp-json\/wp\/v2\/media?parent=69235"}],"wp:term":[{"taxonomy":"category","embeddable":true,"href":"https:\/\/lahora.mx\/index.php\/wp-json\/wp\/v2\/categories?post=69235"},{"taxonomy":"post_tag","embeddable":true,"href":"https:\/\/lahora.mx\/index.php\/wp-json\/wp\/v2\/tags?post=69235"}],"curies":[{"name":"wp","href":"https:\/\/api.w.org\/{rel}","templated":true}]}}