{"id":69219,"date":"2025-10-08T04:42:17","date_gmt":"2025-10-08T04:42:17","guid":{"rendered":"https:\/\/lahora.mx\/?p=69219"},"modified":"2025-10-08T04:43:16","modified_gmt":"2025-10-08T04:43:16","slug":"trayectoria-del-huracan-priscilla-estos-son-los-estados-afectados","status":"publish","type":"post","link":"https:\/\/lahora.mx\/index.php\/2025\/10\/08\/trayectoria-del-huracan-priscilla-estos-son-los-estados-afectados\/","title":{"rendered":"Trayectoria del Huracan Priscilla, estos son los estados afectados"},"content":{"rendered":"\n<p><\/p>\n\n\n\n<p>La Comisi\u00f3n Nacional del Agua (<strong>Conagua<\/strong>) alert\u00f3, a trav\u00e9s del Servicio Meteorol\u00f3gico Nacional (<strong>SMN<\/strong>), que el&nbsp;<a href=\"https:\/\/www.eluniversal.com.mx\/nacion\/huracan-priscilla-avanza-hacia-baja-california-sur-sheinbaum-destaca-coordinados-en-los-cabos-por-intensas-lluvias\/\" target=\"_blank\" rel=\"noreferrer noopener\"><strong>hurac\u00e1n \u201cPriscilla\u201d<\/strong><\/a>&nbsp;se mantiene como&nbsp;<strong>categor\u00eda 2<\/strong>&nbsp;en la escala Saffir-Simpson.<\/p>\n\n\n\n<p>Debido a su circulaci\u00f3n, mantendr\u00e1 lluvias fuertes a puntuales intensas, fuertes rachas de viento y oleaje elevado en el occidente del pa\u00eds, as\u00ed como en&nbsp;<strong>Sinaloa&nbsp;<\/strong>y&nbsp;<strong>Baja California Sur<\/strong>.<\/p>\n\n\n\n<p>A las 21:00 horas de este martes 7 de octubre, \u00ab<strong>Priscilla<\/strong>\u00bb se ubica a 305 kil\u00f3metros (km) al sur-suroeste de&nbsp;<strong>Cabo San Lucas<\/strong>,&nbsp;<strong>Baja California Sur<\/strong>&nbsp;y a 605 kil\u00f3metros al oeste de&nbsp;<strong>Cabo Corrientes<\/strong>,&nbsp;<strong>Jalisco<\/strong>.<\/p>\n\n\n\n<p>Su desplazamiento actual, por tanto, es con direcci\u00f3n al noroeste a 15 km\/h.<\/p>\n\n\n\n<p><strong>Conagua&nbsp;<\/strong>indic\u00f3 que se mantendr\u00e1 como zona de vigilancia, por efectos de tormenta tropical, desde&nbsp;<strong>Cabo San Lucas&nbsp;<\/strong>hasta&nbsp;<strong>Cabo San L\u00e1zaro<\/strong>, en el estado de Baja California Sur.<\/p>\n\n\n\n<p>La\u00a0<strong>Comisi\u00f3n Nacional del Agua<\/strong>\u00a0advirti\u00f3 que todas las lluvias pronosticadas podr\u00edan estar acompa\u00f1adas con\u00a0<strong>descargas el\u00e9ctricas\u00a0<\/strong>y reducir\u00edan la visibilidad en tramos carreteros y zonas urbanas.<\/p>\n\n\n\n<h2 class=\"wp-block-heading\">\u201cPriscila\u201d, con posibilidades de intensificarse a categor\u00eda 3<\/h2>\n\n\n\n<p><\/p>\n\n\n\n<p>La presidenta&nbsp;<a href=\"https:\/\/www.eluniversal.com.mx\/nacion\/a-1-ano-del-gobierno-de-sheinbaum-homicidio-doloso-se-redujo-en-un-32-registran-27-homicidios-menos-diarios\/\" target=\"_blank\" rel=\"noreferrer noopener\"><strong>Claudia<\/strong>&nbsp;<strong>Sheinbaum<\/strong><\/a>inform\u00f3 a las 12:00 horas que se prev\u00e9 que esta tarde el&nbsp;<strong>hurac\u00e1n&nbsp;<\/strong>\u201c<strong>Priscilla<\/strong>\u201d se intensifique a&nbsp;<strong>categor\u00eda 3<\/strong>.<\/p>\n\n\n\n<p>De acuerdo con la mandataria federal, continuar\u00e1 desplaz\u00e1ndose en paralelo a la costa occidental de&nbsp;<strong>Baja California Sur<\/strong>.<\/p>\n\n\n\n<p>\u201cAutoridades de los tres \u00f3rdenes de gobierno estamos coordinados y preparados en&nbsp;<strong>Los Cabos<\/strong>, donde se pronostican fuertes lluvias. Seguimos informando\u201d, comparti\u00f3.<\/p>\n\n\n\n<p><\/p>\n","protected":false},"excerpt":{"rendered":"<p>La Comisi\u00f3n Nacional del Agua (Conagua) alert\u00f3, a trav\u00e9s del Servicio Meteorol\u00f3gico Nacional (SMN), que el&nbsp;hurac\u00e1n \u201cPriscilla\u201d&nbsp;se mantiene como&nbsp;categor\u00eda 2&nbsp;en la escala Saffir-Simpson. Debido a su circulaci\u00f3n, mantendr\u00e1 lluvias fuertes a puntuales intensas, fuertes rachas de viento y oleaje elevado en el occidente del pa\u00eds, as\u00ed como en&nbsp;Sinaloa&nbsp;y&nbsp;Baja California Sur. A las 21:00 horas de [&hellip;]<\/p>\n","protected":false},"author":1,"featured_media":69220,"comment_status":"open","ping_status":"open","sticky":false,"template":"","format":"standard","meta":{"om_disable_all_campaigns":false,"_monsterinsights_skip_tracking":false,"_monsterinsights_sitenote_active":false,"_monsterinsights_sitenote_note":"","_monsterinsights_sitenote_category":0,"footnotes":""},"categories":[176],"tags":[195],"class_list":["post-69219","post","type-post","status-publish","format-standard","has-post-thumbnail","hentry","category-nacional","tag-principal"],"amp_enabled":true,"_links":{"self":[{"href":"https:\/\/lahora.mx\/index.php\/wp-json\/wp\/v2\/posts\/69219","targetHints":{"allow":["GET"]}}],"collection":[{"href":"https:\/\/lahora.mx\/index.php\/wp-json\/wp\/v2\/posts"}],"about":[{"href":"https:\/\/lahora.mx\/index.php\/wp-json\/wp\/v2\/types\/post"}],"author":[{"embeddable":true,"href":"https:\/\/lahora.mx\/index.php\/wp-json\/wp\/v2\/users\/1"}],"replies":[{"embeddable":true,"href":"https:\/\/lahora.mx\/index.php\/wp-json\/wp\/v2\/comments?post=69219"}],"version-history":[{"count":1,"href":"https:\/\/lahora.mx\/index.php\/wp-json\/wp\/v2\/posts\/69219\/revisions"}],"predecessor-version":[{"id":69221,"href":"https:\/\/lahora.mx\/index.php\/wp-json\/wp\/v2\/posts\/69219\/revisions\/69221"}],"wp:featuredmedia":[{"embeddable":true,"href":"https:\/\/lahora.mx\/index.php\/wp-json\/wp\/v2\/media\/69220"}],"wp:attachment":[{"href":"https:\/\/lahora.mx\/index.php\/wp-json\/wp\/v2\/media?parent=69219"}],"wp:term":[{"taxonomy":"category","embeddable":true,"href":"https:\/\/lahora.mx\/index.php\/wp-json\/wp\/v2\/categories?post=69219"},{"taxonomy":"post_tag","embeddable":true,"href":"https:\/\/lahora.mx\/index.php\/wp-json\/wp\/v2\/tags?post=69219"}],"curies":[{"name":"wp","href":"https:\/\/api.w.org\/{rel}","templated":true}]}}