{"id":69216,"date":"2025-10-08T02:41:30","date_gmt":"2025-10-08T02:41:30","guid":{"rendered":"https:\/\/lahora.mx\/?p=69216"},"modified":"2025-10-08T02:41:31","modified_gmt":"2025-10-08T02:41:31","slug":"nieta-de-abuelita-heroina-recibe-injertos-en-manos-piernas-y-cabeza","status":"publish","type":"post","link":"https:\/\/lahora.mx\/index.php\/2025\/10\/08\/nieta-de-abuelita-heroina-recibe-injertos-en-manos-piernas-y-cabeza\/","title":{"rendered":"Nieta de \u2018abuelita hero\u00edna\u2019 recibe injertos en manos, piernas y cabeza"},"content":{"rendered":"\n<p><\/p>\n\n\n\n<p><strong>Jazlyn Azulet<\/strong>, la menor de 2 a\u00f1os v\u00edctima de la explosi\u00f3n de una pipa de gas LP en el&nbsp;<strong>Puente de La Concordia, en&nbsp;<a href=\"https:\/\/www.excelsior.com.mx\/iztapalapa\" target=\"_blank\" rel=\"noreferrer noopener\">Iztapalapa<\/a><\/strong>, recibi\u00f3 su primera cirug\u00eda de injertos en manos, piernas y cabeza con resultados favorables, inform\u00f3 la&nbsp;<strong>Fundaci\u00f3n Michou y Mau&nbsp;<\/strong>para Ni\u00f1os Quemados este martes 7 de octubre.<\/p>\n\n\n\n<p>Ante ello, \u201cla peque\u00f1a ha iniciado su proceso de rehabilitaci\u00f3n f\u00edsica para recuperar la movilidad en sus extremidades y permanece hospitalizada en el Shriners for Children Hospital, en Galveston, Texas\u201d, precis\u00f3 la fundaci\u00f3n en un&nbsp;<strong>comunicado&nbsp;<\/strong>emitido en sus redes sociales.<\/p>\n\n\n\n<p>Jazlyn logr\u00f3 sobrevivir gracias a que su abuela,&nbsp;<strong>Alicia Mat\u00edas Teodoro, nombrada \u201cla abuelita hero\u00edna\u201d<\/strong>, la protegi\u00f3 con su cuerpo durante el incidente.<\/p>\n\n\n\n<p>La mujer se convirti\u00f3 en<strong>&nbsp;s\u00edmbolo de fortaleza<\/strong>&nbsp;luego de que im\u00e1genes difundidas en redes sociales la mostraran caminando herida y con quemaduras, mientras un polic\u00eda cargaba en brazos a la peque\u00f1a Jazlyn.<\/p>\n\n\n\n<p>Alicia Mat\u00edas<strong>&nbsp;falleci\u00f3 dos d\u00edas despu\u00e9s de la explosi\u00f3n<\/strong>, la noche del martes 12 de septiembre, en el Hospital Magdalena de las Salinas, donde no logr\u00f3 sobrevivir a las quemaduras que presentaba en el 90 por ciento del cuerpo. Su estado de salud fue reportado como cr\u00edtico desde su ingreso.<\/p>\n\n\n\n<p>Alicia trabajaba como checadora en la base de camiones de Santa Martha, donde tambi\u00e9n<strong>&nbsp;cuidaba a su nieta<\/strong>&nbsp;mientras su hija, Jazm\u00edn Carrillo, laboraba en servicios de limpieza.<\/p>\n\n\n\n<p>En el comunicado de este martes, la Fundaci\u00f3n Michou y Mau inform\u00f3 que Jazm\u00edn se encuentra en el Shriners for Children\u2019s Hospital, al pendiente de la&nbsp;<strong>evoluci\u00f3n&nbsp;<\/strong>de la peque\u00f1a Jazlyn, \u201cdonde recibe la atenci\u00f3n m\u00e9dica necesaria\u201d.<\/p>\n\n\n\n<p>Hasta este lunes 6 de septiembre, el n\u00famero de personas fallecidas por la tragedia en La Concordia se manten\u00eda en<strong>&nbsp;31,<\/strong>&nbsp;mientras que otras 41 ya fueron dadas de alta y 12 contin\u00faan hospitalizadas en distintos centros m\u00e9dicos de la ciudad, de acuerdo con el \u00faltimo reporte de la Secretar\u00eda de Salud capitalina.<\/p>\n","protected":false},"excerpt":{"rendered":"<p>Jazlyn Azulet, la menor de 2 a\u00f1os v\u00edctima de la explosi\u00f3n de una pipa de gas LP en el&nbsp;Puente de La Concordia, en&nbsp;Iztapalapa, recibi\u00f3 su primera cirug\u00eda de injertos en manos, piernas y cabeza con resultados favorables, inform\u00f3 la&nbsp;Fundaci\u00f3n Michou y Mau&nbsp;para Ni\u00f1os Quemados este martes 7 de octubre. Ante ello, \u201cla peque\u00f1a ha iniciado [&hellip;]<\/p>\n","protected":false},"author":1,"featured_media":69217,"comment_status":"open","ping_status":"open","sticky":false,"template":"","format":"standard","meta":{"om_disable_all_campaigns":false,"_monsterinsights_skip_tracking":false,"_monsterinsights_sitenote_active":false,"_monsterinsights_sitenote_note":"","_monsterinsights_sitenote_category":0,"footnotes":""},"categories":[176],"tags":[],"class_list":["post-69216","post","type-post","status-publish","format-standard","has-post-thumbnail","hentry","category-nacional"],"amp_enabled":true,"_links":{"self":[{"href":"https:\/\/lahora.mx\/index.php\/wp-json\/wp\/v2\/posts\/69216","targetHints":{"allow":["GET"]}}],"collection":[{"href":"https:\/\/lahora.mx\/index.php\/wp-json\/wp\/v2\/posts"}],"about":[{"href":"https:\/\/lahora.mx\/index.php\/wp-json\/wp\/v2\/types\/post"}],"author":[{"embeddable":true,"href":"https:\/\/lahora.mx\/index.php\/wp-json\/wp\/v2\/users\/1"}],"replies":[{"embeddable":true,"href":"https:\/\/lahora.mx\/index.php\/wp-json\/wp\/v2\/comments?post=69216"}],"version-history":[{"count":1,"href":"https:\/\/lahora.mx\/index.php\/wp-json\/wp\/v2\/posts\/69216\/revisions"}],"predecessor-version":[{"id":69218,"href":"https:\/\/lahora.mx\/index.php\/wp-json\/wp\/v2\/posts\/69216\/revisions\/69218"}],"wp:featuredmedia":[{"embeddable":true,"href":"https:\/\/lahora.mx\/index.php\/wp-json\/wp\/v2\/media\/69217"}],"wp:attachment":[{"href":"https:\/\/lahora.mx\/index.php\/wp-json\/wp\/v2\/media?parent=69216"}],"wp:term":[{"taxonomy":"category","embeddable":true,"href":"https:\/\/lahora.mx\/index.php\/wp-json\/wp\/v2\/categories?post=69216"},{"taxonomy":"post_tag","embeddable":true,"href":"https:\/\/lahora.mx\/index.php\/wp-json\/wp\/v2\/tags?post=69216"}],"curies":[{"name":"wp","href":"https:\/\/api.w.org\/{rel}","templated":true}]}}