{"id":69213,"date":"2025-10-08T02:38:18","date_gmt":"2025-10-08T02:38:18","guid":{"rendered":"https:\/\/lahora.mx\/?p=69213"},"modified":"2025-10-08T02:38:19","modified_gmt":"2025-10-08T02:38:19","slug":"promueve-pepe-chedraui-senderos-de-paz","status":"publish","type":"post","link":"https:\/\/lahora.mx\/index.php\/2025\/10\/08\/promueve-pepe-chedraui-senderos-de-paz\/","title":{"rendered":"Promueve Pepe Chedraui Senderos de Paz"},"content":{"rendered":"\n<p><em>Esta iniciativa lleg\u00f3 a 86 espacios donde se moderniz\u00f3 el alumbrado p\u00fablico con Puebla Brilla<\/em><\/p>\n\n\n\n<p><\/p>\n\n\n\n<p>Beneficiando a m\u00e1s de 210 mil personas, el Gobierno de la Ciudad, encabezado por Pepe Chedraui Budib, contin\u00faa impulsando los Senderos de Paz a trav\u00e9s de la estrategia Puebla Brilla, construyendo 86 espacios comunitarios entre paraderos urbanos y de Sistema de Red Urbana de Transporte Articulado (RUTA), un Centro de Atenci\u00f3n M\u00e9dica y un mercado, con la modernizaci\u00f3n del alumbrado p\u00fablico.<\/p>\n\n\n\n<p>En total, la estrategia ha permitido iluminar 84 paraderos urbanos y de Sistema de Red Urbana de Transporte Articulado (RUTA), un Centro de Atenci\u00f3n m\u00e9dica y un mercado en diversas colonias, logrando una cobertura m\u00e1s amplia en zonas con alta marginaci\u00f3n, donde todas y todos podr\u00e1n transitar con m\u00e1s tranquilidad.&nbsp;<\/p>\n\n\n\n<p>Los Senderos de Paz a trav\u00e9s de estos espacios se distribuyen en 41 colonias del municipio, donde se han instalado luminarias LED que ofrecen mayor eficiencia, durabilidad y un ahorro energ\u00e9tico significativo, adem\u00e1s de fortalecer el tejido social y promover una cultura de paz y bienestar.<\/p>\n\n\n\n<p>La construcci\u00f3n de Senderos de Paz es impulsada desde el Gobierno de la Rep\u00fablica, que encabeza la presidenta Claudia Sheinbaum por lo que, a trav\u00e9s de la modernizaci\u00f3n del alumbrado p\u00fablico, no solo mejora la imagen urbana, sino que tambi\u00e9n impulsa el desarrollo social y econ\u00f3mico en cada colonia intervenida de manera segura.<\/p>\n\n\n\n<p>El alcalde Pepe Chedraui tiene la convicci\u00f3n de garantizar una ciudad iluminada, que es una ciudad con paz y protecci\u00f3n, adem\u00e1s reafirma su compromiso con el bienestar de las y los poblanos, consolidando espacios m\u00e1s seguros, incluyentes.<\/p>\n","protected":false},"excerpt":{"rendered":"<p>Esta iniciativa lleg\u00f3 a 86 espacios donde se moderniz\u00f3 el alumbrado p\u00fablico con Puebla Brilla Beneficiando a m\u00e1s de 210 mil personas, el Gobierno de la Ciudad, encabezado por Pepe Chedraui Budib, contin\u00faa impulsando los Senderos de Paz a trav\u00e9s de la estrategia Puebla Brilla, construyendo 86 espacios comunitarios entre paraderos urbanos y de Sistema [&hellip;]<\/p>\n","protected":false},"author":1,"featured_media":69214,"comment_status":"open","ping_status":"open","sticky":false,"template":"","format":"standard","meta":{"om_disable_all_campaigns":false,"_monsterinsights_skip_tracking":false,"_monsterinsights_sitenote_active":false,"_monsterinsights_sitenote_note":"","_monsterinsights_sitenote_category":0,"footnotes":""},"categories":[175,5],"tags":[],"class_list":["post-69213","post","type-post","status-publish","format-standard","has-post-thumbnail","hentry","category-local","category-politica"],"amp_enabled":true,"_links":{"self":[{"href":"https:\/\/lahora.mx\/index.php\/wp-json\/wp\/v2\/posts\/69213","targetHints":{"allow":["GET"]}}],"collection":[{"href":"https:\/\/lahora.mx\/index.php\/wp-json\/wp\/v2\/posts"}],"about":[{"href":"https:\/\/lahora.mx\/index.php\/wp-json\/wp\/v2\/types\/post"}],"author":[{"embeddable":true,"href":"https:\/\/lahora.mx\/index.php\/wp-json\/wp\/v2\/users\/1"}],"replies":[{"embeddable":true,"href":"https:\/\/lahora.mx\/index.php\/wp-json\/wp\/v2\/comments?post=69213"}],"version-history":[{"count":1,"href":"https:\/\/lahora.mx\/index.php\/wp-json\/wp\/v2\/posts\/69213\/revisions"}],"predecessor-version":[{"id":69215,"href":"https:\/\/lahora.mx\/index.php\/wp-json\/wp\/v2\/posts\/69213\/revisions\/69215"}],"wp:featuredmedia":[{"embeddable":true,"href":"https:\/\/lahora.mx\/index.php\/wp-json\/wp\/v2\/media\/69214"}],"wp:attachment":[{"href":"https:\/\/lahora.mx\/index.php\/wp-json\/wp\/v2\/media?parent=69213"}],"wp:term":[{"taxonomy":"category","embeddable":true,"href":"https:\/\/lahora.mx\/index.php\/wp-json\/wp\/v2\/categories?post=69213"},{"taxonomy":"post_tag","embeddable":true,"href":"https:\/\/lahora.mx\/index.php\/wp-json\/wp\/v2\/tags?post=69213"}],"curies":[{"name":"wp","href":"https:\/\/api.w.org\/{rel}","templated":true}]}}