{"id":69204,"date":"2025-10-07T23:52:31","date_gmt":"2025-10-07T23:52:31","guid":{"rendered":"https:\/\/lahora.mx\/?p=69204"},"modified":"2025-10-08T01:59:50","modified_gmt":"2025-10-08T01:59:50","slug":"se-reportan-brotes-de-coxsackie-en-escuelas-de-puebla","status":"publish","type":"post","link":"https:\/\/lahora.mx\/index.php\/2025\/10\/07\/se-reportan-brotes-de-coxsackie-en-escuelas-de-puebla\/","title":{"rendered":"Se reportan brotes de coxsackie en escuelas de Puebla"},"content":{"rendered":"\n<p><\/p>\n\n\n\n<p>En Puebla se reportaron varios brotes de\u00a0<strong><a href=\"https:\/\/oem.com.mx\/elsoldepuebla\/local\/suspenden-clases-en-centro-escolar-de-izucar-ante-presunto-brote-de-coxsackie-en-preescolar-26103394\" target=\"_blank\" rel=\"noreferrer noopener\">coxsackie<\/a><\/strong> en dos escuelas, en Puebla Capital y al interior del Estado.<\/p>\n\n\n\n<p>Una de ellas en Amalucan Puebla y la otra es el Centro Escolar L\u00e1zaro C\u00e1rdenas, en Iz\u00facar de Matamoros en la mixteca poblana, as\u00ed lo confirm\u00f3 el secretario de Gobernaci\u00f3n, Samuel Aguilar Pala,\u00a0quien se\u00f1al\u00f3 que en ambos casos se suspendieron clases presenciales para prevenir contagios entre la comunidad estudiantil.<\/p>\n\n\n\n<p>Detall\u00f3 que el primer reporte corresponde al preescolar del citado Centro Escolar en Iz\u00facar, en donde se diagnostic\u00f3 con esta enfermedad a dos menores,\u00a0<strong>por lo que se activaron los protocolos de sanidad<\/strong>, que incluyen el traslado de clases a modalidad virtual o a distancia.<\/p>\n\n\n\n<p>El segundo reporte corresponde a la escuela de nivel primaria Ignacio Zaragoza, ubicada en Amalucan, en la capital poblana,\u00a0en donde tambi\u00e9n se aplican los protocolos pertinentes por parte de la Secretar\u00eda de Educaci\u00f3n Publica para evitar contagios<\/p>\n\n\n\n<p>El funcionario refiri\u00f3 que las dependencias revisan la posibilidad de un tercer brote de coxsackie en una instituci\u00f3n de Bosques de San Sebastian, tambi\u00e9n en la capital poblana.\u00a0<\/p>\n","protected":false},"excerpt":{"rendered":"<p>Al momento se han contabilizado 5 casos de coxsakie<\/p>\n","protected":false},"author":1,"featured_media":69205,"comment_status":"open","ping_status":"open","sticky":false,"template":"","format":"standard","meta":{"om_disable_all_campaigns":false,"_monsterinsights_skip_tracking":false,"_monsterinsights_sitenote_active":false,"_monsterinsights_sitenote_note":"","_monsterinsights_sitenote_category":0,"footnotes":""},"categories":[175,5],"tags":[195],"class_list":["post-69204","post","type-post","status-publish","format-standard","has-post-thumbnail","hentry","category-local","category-politica","tag-principal"],"amp_enabled":true,"_links":{"self":[{"href":"https:\/\/lahora.mx\/index.php\/wp-json\/wp\/v2\/posts\/69204","targetHints":{"allow":["GET"]}}],"collection":[{"href":"https:\/\/lahora.mx\/index.php\/wp-json\/wp\/v2\/posts"}],"about":[{"href":"https:\/\/lahora.mx\/index.php\/wp-json\/wp\/v2\/types\/post"}],"author":[{"embeddable":true,"href":"https:\/\/lahora.mx\/index.php\/wp-json\/wp\/v2\/users\/1"}],"replies":[{"embeddable":true,"href":"https:\/\/lahora.mx\/index.php\/wp-json\/wp\/v2\/comments?post=69204"}],"version-history":[{"count":1,"href":"https:\/\/lahora.mx\/index.php\/wp-json\/wp\/v2\/posts\/69204\/revisions"}],"predecessor-version":[{"id":69206,"href":"https:\/\/lahora.mx\/index.php\/wp-json\/wp\/v2\/posts\/69204\/revisions\/69206"}],"wp:featuredmedia":[{"embeddable":true,"href":"https:\/\/lahora.mx\/index.php\/wp-json\/wp\/v2\/media\/69205"}],"wp:attachment":[{"href":"https:\/\/lahora.mx\/index.php\/wp-json\/wp\/v2\/media?parent=69204"}],"wp:term":[{"taxonomy":"category","embeddable":true,"href":"https:\/\/lahora.mx\/index.php\/wp-json\/wp\/v2\/categories?post=69204"},{"taxonomy":"post_tag","embeddable":true,"href":"https:\/\/lahora.mx\/index.php\/wp-json\/wp\/v2\/tags?post=69204"}],"curies":[{"name":"wp","href":"https:\/\/api.w.org\/{rel}","templated":true}]}}