{"id":69195,"date":"2025-10-06T02:29:51","date_gmt":"2025-10-06T02:29:51","guid":{"rendered":"https:\/\/lahora.mx\/?p=69195"},"modified":"2025-10-06T02:29:51","modified_gmt":"2025-10-06T02:29:51","slug":"sheinbaum-lanza-mensaje-contra-la-corrupcion-en-su-primer-ano-como-presidenta","status":"publish","type":"post","link":"https:\/\/lahora.mx\/index.php\/2025\/10\/06\/sheinbaum-lanza-mensaje-contra-la-corrupcion-en-su-primer-ano-como-presidenta\/","title":{"rendered":"Sheinbaum lanza mensaje contra la corrupci\u00f3n en su primer a\u00f1o como presidenta"},"content":{"rendered":"\n<p>En un acto masivo realizado en el Z\u00f3calo capitalino, la presidenta Claudia Sheinbaum present\u00f3 su informe con motivo del primer a\u00f1o al frente del Ejecutivo federal. Ante aproximadamente 100 mil personas, la mandataria afirm\u00f3 que en su gobierno la honestidad es norma y que quien robe al pueblo deber\u00e1 enfrentarse a la justicia .<\/p>\n\n\n\n<p>En su discurso, Sheinbaum defendi\u00f3 los avances logrados durante su administraci\u00f3n, haciendo \u00e9nfasis en el combate a la pobreza, asegurando que 13.5 millones de personas han salido de esta condici\u00f3n. Tambi\u00e9n destac\u00f3 los resultados de su estrategia de seguridad y recalc\u00f3 que \u00abel poder no es para enriquecerse, sino para servir con humildad. Los recursos p\u00fablicos son sagrados y deben traducirse en derechos, bienestar y obras estrat\u00e9gicas para el pueblo\u00bb.<br><br>Durante su intervenci\u00f3n, la presidenta hizo un repaso cr\u00edtico de los gobiernos anteriores, a los que responsabiliz\u00f3 por d\u00e9cadas de abandono y corrupci\u00f3n. Se\u00f1al\u00f3 que entre 1982 y 2018, M\u00e9xico vivi\u00f3 bajo lo que calific\u00f3 como la \u201coscura noche del neoliberalismo \u201d, durante la cual el pa\u00eds fue gobernado, seg\u00fan sus palabras, por quienes solo ten\u00edan intereses econ\u00f3micos. Record\u00f3 que en 2008, la pobreza alcanz\u00f3 al 45% de la poblaci\u00f3n y afirm\u00f3 que ese es el escenario que la llamada Cuarta Transformaci\u00f3n se ha propuesto transformar.<\/p>\n\n\n\n<p>Asimismo, descart\u00f3 cualquier distanciamiento con el expresidente Andr\u00e9s Manuel L\u00f3pez Obrador , y acus\u00f3 a la oposici\u00f3n de intentar generar una narrativa de ruptura entre ambos. \u00abSe han empe\u00f1ado en separarnos, pero eso no va a pasar. Compartimos valores: honestidad, justicia y amor al pueblo. Compartimos un proyecto: el humanismo mexicano \u00ab, subray\u00f3.<\/p>\n\n\n\n<p>Sheinbaum afirm\u00f3 que su llegada al poder no fue solo para administrar, sino para continuar la transformaci\u00f3n del pa\u00eds. Al referirse a su antecesor, lo calific\u00f3 como \u201cun ejemplo de honradez, austeridad y amor al pueblo\u201d, asegurando que ella seguir\u00e1 esa misma l\u00ednea: \u201cPor m\u00e1s duras que sean las presiones, nosotros solo hacemos reverencia al pueblo de M\u00e9xico. Que se escuche fuerte y claro: en M\u00e9xico, quien manda es el pueblo\u201d.<\/p>\n\n\n\n<p>Claudia Sheinbaum asumi\u00f3 la presidencia el 1 de octubre de 2024 .<\/p>\n\n\n\n<p>Antes de su intervenci\u00f3n, la jefa de Gobierno de la Ciudad de M\u00e9xico, Clara Brugada Molina , fue la encargada de abrir el acto p\u00fablico. En su mensaje, destac\u00f3 que, gracias a las pol\u00edticas implementadas por el gobierno federal, un mill\u00f3n de personas han salido de la pobreza en la capital.<\/p>\n\n\n\n<p>Brugada cerr\u00f3 su discurso dirigi\u00e9ndose a Sheinbaum con un mensaje de respaldo: \u201cTenemos a la mejor presidenta del mundo \u201d, exclam\u00f3, destacando el liderazgo transformador de la presidenta y el legado del movimiento pol\u00edtico que encabeza.<\/p>\n","protected":false},"excerpt":{"rendered":"<p>En un acto masivo realizado en el Z\u00f3calo capitalino, la presidenta Claudia Sheinbaum present\u00f3 su informe con motivo del primer a\u00f1o al frente del Ejecutivo federal. Ante aproximadamente 100 mil personas, la mandataria afirm\u00f3 que en su gobierno la honestidad es norma y que quien robe al pueblo deber\u00e1 enfrentarse a la justicia . En [&hellip;]<\/p>\n","protected":false},"author":4,"featured_media":69196,"comment_status":"open","ping_status":"open","sticky":false,"template":"","format":"standard","meta":{"om_disable_all_campaigns":false,"_monsterinsights_skip_tracking":false,"_monsterinsights_sitenote_active":false,"_monsterinsights_sitenote_note":"","_monsterinsights_sitenote_category":0,"footnotes":""},"categories":[176],"tags":[],"class_list":["post-69195","post","type-post","status-publish","format-standard","has-post-thumbnail","hentry","category-nacional"],"amp_enabled":true,"_links":{"self":[{"href":"https:\/\/lahora.mx\/index.php\/wp-json\/wp\/v2\/posts\/69195","targetHints":{"allow":["GET"]}}],"collection":[{"href":"https:\/\/lahora.mx\/index.php\/wp-json\/wp\/v2\/posts"}],"about":[{"href":"https:\/\/lahora.mx\/index.php\/wp-json\/wp\/v2\/types\/post"}],"author":[{"embeddable":true,"href":"https:\/\/lahora.mx\/index.php\/wp-json\/wp\/v2\/users\/4"}],"replies":[{"embeddable":true,"href":"https:\/\/lahora.mx\/index.php\/wp-json\/wp\/v2\/comments?post=69195"}],"version-history":[{"count":1,"href":"https:\/\/lahora.mx\/index.php\/wp-json\/wp\/v2\/posts\/69195\/revisions"}],"predecessor-version":[{"id":69197,"href":"https:\/\/lahora.mx\/index.php\/wp-json\/wp\/v2\/posts\/69195\/revisions\/69197"}],"wp:featuredmedia":[{"embeddable":true,"href":"https:\/\/lahora.mx\/index.php\/wp-json\/wp\/v2\/media\/69196"}],"wp:attachment":[{"href":"https:\/\/lahora.mx\/index.php\/wp-json\/wp\/v2\/media?parent=69195"}],"wp:term":[{"taxonomy":"category","embeddable":true,"href":"https:\/\/lahora.mx\/index.php\/wp-json\/wp\/v2\/categories?post=69195"},{"taxonomy":"post_tag","embeddable":true,"href":"https:\/\/lahora.mx\/index.php\/wp-json\/wp\/v2\/tags?post=69195"}],"curies":[{"name":"wp","href":"https:\/\/api.w.org\/{rel}","templated":true}]}}