{"id":69192,"date":"2025-10-06T01:03:08","date_gmt":"2025-10-06T01:03:08","guid":{"rendered":"https:\/\/lahora.mx\/?p=69192"},"modified":"2025-10-06T01:03:09","modified_gmt":"2025-10-06T01:03:09","slug":"huracan-priscilla-podria-subir-a-categoria-2-frente-a-costas-mexicanas","status":"publish","type":"post","link":"https:\/\/lahora.mx\/index.php\/2025\/10\/06\/huracan-priscilla-podria-subir-a-categoria-2-frente-a-costas-mexicanas\/","title":{"rendered":"Hurac\u00e1n Priscilla podr\u00eda subir a categor\u00eda 2 frente a costas mexicanas"},"content":{"rendered":"\n<p>El hurac\u00e1n Priscilla se form\u00f3 este domingo en el oc\u00e9ano Pac\u00edfico y mantiene en vigilancia a las autoridades por su cercan\u00eda con las costas mexicanas. El sistema, que alcanz\u00f3 la categor\u00eda 1 en la escala Saffir-Simpson, avanza hacia el noroeste con la posibilidad de intensificarse en las pr\u00f3ximas horas.<\/p>\n\n\n\n<p>De acuerdo con el Servicio Meteorol\u00f3gico Nacional (SMN), se prev\u00e9 que el cicl\u00f3n ascienda a categor\u00eda 2 el lunes 6 de octubre, cuando se localice a unos 360 kil\u00f3metros al sur-suroeste de Cabo San Lucas, Baja California Sur. No obstante, para el mi\u00e9rcoles 8 se pronostica que pierda fuerza y regrese a categor\u00eda 1 frente a las costas de Cabo San L\u00e1zaro.<br><br>Lluvias y vientos intensos en cuatro estados<br>El fen\u00f3meno traer\u00e1 lluvias torrenciales en Michoac\u00e1n, especialmente en la franja costera, adem\u00e1s de precipitaciones intensas en Jalisco, Colima y Guerrero, acompa\u00f1adas de oleaje elevado y rachas de viento que podr\u00edan alcanzar entre 70 y 90 kil\u00f3metros por hora. En el occidente de Guerrero se esperan vientos de hasta 50 km\/h.<\/p>\n\n\n\n<p>Llamado a extremar precauciones<br>El SMN y la Coordinaci\u00f3n Nacional de Protecci\u00f3n Civil advirtieron sobre el riesgo de inundaciones, deslaves y crecidas de r\u00edos, por lo que pidieron a la poblaci\u00f3n atender las recomendaciones de las autoridades locales y mantenerse informados por los canales oficiales.<\/p>\n\n\n\n<p>Aunque Priscilla no representa por ahora un impacto directo en tierra, sus bandas nubosas ya provocan afectaciones en el sur y occidente del pa\u00eds. La vigilancia sobre su trayectoria se mantendr\u00e1 de manera permanente durante los pr\u00f3ximos d\u00edas.<\/p>\n","protected":false},"excerpt":{"rendered":"<p>El hurac\u00e1n Priscilla se form\u00f3 este domingo en el oc\u00e9ano Pac\u00edfico y mantiene en vigilancia a las autoridades por su cercan\u00eda con las costas mexicanas. El sistema, que alcanz\u00f3 la categor\u00eda 1 en la escala Saffir-Simpson, avanza hacia el noroeste con la posibilidad de intensificarse en las pr\u00f3ximas horas. De acuerdo con el Servicio Meteorol\u00f3gico [&hellip;]<\/p>\n","protected":false},"author":4,"featured_media":69193,"comment_status":"open","ping_status":"open","sticky":false,"template":"","format":"standard","meta":{"om_disable_all_campaigns":false,"_monsterinsights_skip_tracking":false,"_monsterinsights_sitenote_active":false,"_monsterinsights_sitenote_note":"","_monsterinsights_sitenote_category":0,"footnotes":""},"categories":[176],"tags":[195,223],"class_list":["post-69192","post","type-post","status-publish","format-standard","has-post-thumbnail","hentry","category-nacional","tag-principal","tag-puebla"],"amp_enabled":true,"_links":{"self":[{"href":"https:\/\/lahora.mx\/index.php\/wp-json\/wp\/v2\/posts\/69192","targetHints":{"allow":["GET"]}}],"collection":[{"href":"https:\/\/lahora.mx\/index.php\/wp-json\/wp\/v2\/posts"}],"about":[{"href":"https:\/\/lahora.mx\/index.php\/wp-json\/wp\/v2\/types\/post"}],"author":[{"embeddable":true,"href":"https:\/\/lahora.mx\/index.php\/wp-json\/wp\/v2\/users\/4"}],"replies":[{"embeddable":true,"href":"https:\/\/lahora.mx\/index.php\/wp-json\/wp\/v2\/comments?post=69192"}],"version-history":[{"count":1,"href":"https:\/\/lahora.mx\/index.php\/wp-json\/wp\/v2\/posts\/69192\/revisions"}],"predecessor-version":[{"id":69194,"href":"https:\/\/lahora.mx\/index.php\/wp-json\/wp\/v2\/posts\/69192\/revisions\/69194"}],"wp:featuredmedia":[{"embeddable":true,"href":"https:\/\/lahora.mx\/index.php\/wp-json\/wp\/v2\/media\/69193"}],"wp:attachment":[{"href":"https:\/\/lahora.mx\/index.php\/wp-json\/wp\/v2\/media?parent=69192"}],"wp:term":[{"taxonomy":"category","embeddable":true,"href":"https:\/\/lahora.mx\/index.php\/wp-json\/wp\/v2\/categories?post=69192"},{"taxonomy":"post_tag","embeddable":true,"href":"https:\/\/lahora.mx\/index.php\/wp-json\/wp\/v2\/tags?post=69192"}],"curies":[{"name":"wp","href":"https:\/\/api.w.org\/{rel}","templated":true}]}}