{"id":69189,"date":"2025-10-06T01:00:43","date_gmt":"2025-10-06T01:00:43","guid":{"rendered":"https:\/\/lahora.mx\/?p=69189"},"modified":"2025-10-06T01:00:44","modified_gmt":"2025-10-06T01:00:44","slug":"armenta-preside-entrega-de-35-sistemas-de-saneamiento-a-base-de-biodigestores-en-tepexi","status":"publish","type":"post","link":"https:\/\/lahora.mx\/index.php\/2025\/10\/06\/armenta-preside-entrega-de-35-sistemas-de-saneamiento-a-base-de-biodigestores-en-tepexi\/","title":{"rendered":"Armenta preside entrega de 35 sistemas de saneamiento a base de biodigestores en Tepexi"},"content":{"rendered":"\n<p>Ante cientos de habitantes de la microrregi\u00f3n 25, el gobernador Alejandro Armenta destac\u00f3 la importancia de que las y los poblanos hagan conciencia sobre el cuidado del agua y de su saneamiento. Adem\u00e1s destac\u00f3 la trascendencia de contar con una presidenta de la Rep\u00fablica que es cient\u00edfica y protectora del medio ambiente. \u201cSer\u00eda un error no aprovechar el sexenio de la presidenta Claudia Sheinbaum, para recuperar el agua y mejorar el medio ambiente de Puebla y de M\u00e9xico\u201d.<\/p>\n\n\n\n<p>El mandatario estatal record\u00f3 que como parte del Programa de Obra Comunitaria se impulsan proyectos de captaci\u00f3n de agua, de aprovechamiento de cuerpos de agua, as\u00ed como modelos de uso de la energ\u00eda solar, como parte generar riqueza comunitaria con el uso de nueva tecnolog\u00eda, que tiene como principal objetivo, proteger la salud de todas y todos.<br><br>Durante el evento el director general de la Comisi\u00f3n Estatal de Agua y Saneamiento (CEASPUE), Alberto Jim\u00e9nez Merino, inform\u00f3 que en Tepexi de Rodr\u00edguez, fueron construidos 35 sistemas de saneamiento a base de biodigestores prefabricados autolimpiables, con una capacidad de 600 litros, en la localidad de Las Yeguas San Isidro, que represent\u00f3 una inversi\u00f3n superior a los 3.5 millones de pesos, para beneficio de 210 poblanas y poblanos.<\/p>\n\n\n\n<p>En ese sentido, se\u00f1al\u00f3 que estos biodigestores representan una opci\u00f3n para comunidades que no cuentan con drenaje, lo cual ayudar\u00e1 a evitar la contaminaci\u00f3n y el brote de enfermedades, adem\u00e1s de aprovechar mejor el agua disponible con una opci\u00f3n sustentable.<\/p>\n\n\n\n<p>El presidente municipal, Humberto Bola\u00f1os del Rosario afirm\u00f3 que estas obras representan m\u00e1s all\u00e1 de ladrillos y un techo, sino significan el acceso a la justicia social para las y los habitantes de las comunidades de ese municipio.<\/p>\n\n\n\n<p>En Tepexi de Rodr\u00edguez tambi\u00e9n se entregaron 120 Becas de Conectividad, el secretario de Educaci\u00f3n P\u00fablica (SEP), Manuel Viveros Narciso, se\u00f1al\u00f3 que las becas son un apoyo para todas las y los j\u00f3venes que estudian en las universidades y escuelas de la regi\u00f3n. El secretario asegur\u00f3 que esta herramienta servir\u00e1 para que est\u00e9n comunicados a trav\u00e9s de internet, por ello reconoci\u00f3 el esfuerzo del mandatario estatal por voltear a ver a las comunidades marginadas y con pobreza.<\/p>\n","protected":false},"excerpt":{"rendered":"<p>Ante cientos de habitantes de la microrregi\u00f3n 25, el gobernador Alejandro Armenta destac\u00f3 la importancia de que las y los poblanos hagan conciencia sobre el cuidado del agua y de su saneamiento. Adem\u00e1s destac\u00f3 la trascendencia de contar con una presidenta de la Rep\u00fablica que es cient\u00edfica y protectora del medio ambiente. \u201cSer\u00eda un error [&hellip;]<\/p>\n","protected":false},"author":4,"featured_media":69190,"comment_status":"open","ping_status":"open","sticky":false,"template":"","format":"standard","meta":{"om_disable_all_campaigns":false,"_monsterinsights_skip_tracking":false,"_monsterinsights_sitenote_active":false,"_monsterinsights_sitenote_note":"","_monsterinsights_sitenote_category":0,"footnotes":""},"categories":[175],"tags":[239,195,223],"class_list":["post-69189","post","type-post","status-publish","format-standard","has-post-thumbnail","hentry","category-local","tag-gobierno","tag-principal","tag-puebla"],"amp_enabled":true,"_links":{"self":[{"href":"https:\/\/lahora.mx\/index.php\/wp-json\/wp\/v2\/posts\/69189","targetHints":{"allow":["GET"]}}],"collection":[{"href":"https:\/\/lahora.mx\/index.php\/wp-json\/wp\/v2\/posts"}],"about":[{"href":"https:\/\/lahora.mx\/index.php\/wp-json\/wp\/v2\/types\/post"}],"author":[{"embeddable":true,"href":"https:\/\/lahora.mx\/index.php\/wp-json\/wp\/v2\/users\/4"}],"replies":[{"embeddable":true,"href":"https:\/\/lahora.mx\/index.php\/wp-json\/wp\/v2\/comments?post=69189"}],"version-history":[{"count":1,"href":"https:\/\/lahora.mx\/index.php\/wp-json\/wp\/v2\/posts\/69189\/revisions"}],"predecessor-version":[{"id":69191,"href":"https:\/\/lahora.mx\/index.php\/wp-json\/wp\/v2\/posts\/69189\/revisions\/69191"}],"wp:featuredmedia":[{"embeddable":true,"href":"https:\/\/lahora.mx\/index.php\/wp-json\/wp\/v2\/media\/69190"}],"wp:attachment":[{"href":"https:\/\/lahora.mx\/index.php\/wp-json\/wp\/v2\/media?parent=69189"}],"wp:term":[{"taxonomy":"category","embeddable":true,"href":"https:\/\/lahora.mx\/index.php\/wp-json\/wp\/v2\/categories?post=69189"},{"taxonomy":"post_tag","embeddable":true,"href":"https:\/\/lahora.mx\/index.php\/wp-json\/wp\/v2\/tags?post=69189"}],"curies":[{"name":"wp","href":"https:\/\/api.w.org\/{rel}","templated":true}]}}