{"id":6916,"date":"2022-05-13T23:05:40","date_gmt":"2022-05-13T23:05:40","guid":{"rendered":"http:\/\/lahora.mx\/?p=6916"},"modified":"2022-05-13T23:05:41","modified_gmt":"2022-05-13T23:05:41","slug":"se-preparan-en-tlatlauquitepec-para-la-temporada-de-luciernagas","status":"publish","type":"post","link":"https:\/\/lahora.mx\/index.php\/2022\/05\/13\/se-preparan-en-tlatlauquitepec-para-la-temporada-de-luciernagas\/","title":{"rendered":"Se preparan en Tlatlauquitepec para la temporada de luci\u00e9rnagas"},"content":{"rendered":"\n<p>Cada a\u00f1o&nbsp;<strong>Tlatlauquitepec<\/strong>&nbsp;recibe a visitantes de diferentes puntos del pa\u00eds y del extranjero para acudir a las zonas donde se realiza el&nbsp;<strong>avistamiento de luci\u00e9rnagas<\/strong>, por lo que ya alistan las rutas para los recorridos en la presa de&nbsp;<strong>La Soledad<\/strong>.<\/p>\n\n\n\n<p>Integrantes de un&nbsp;<strong>grupo de lancheros<\/strong>&nbsp;dieron a conocer que las actividades comenzar\u00e1n a finales de este mes de mayo y culminar\u00e1n en el mes de agosto.<\/p>\n\n\n\n<p>Para esto, autoridades locales han preparado algunos espacios para que los visitantes puedan disfrutar durante su estancia en este&nbsp;<strong>lugar tur\u00edstico<\/strong>.<\/p>\n\n\n\n<p><strong>F\u00e9lix Encarnaci\u00f3n Efigenio<\/strong>, representante del grupo \u201c<strong>Lancheros La Soledad<\/strong>\u201d, dijo que se trata de una peque\u00f1a isla que ofrece a los visitantes una nueva experiencia de recorrer senderos, \u00e1rea de campamento y recorrido en lancha para el avistamiento de la luci\u00e9rnaga.<\/p>\n\n\n\n<p>Expres\u00f3 que, se trata del \u00fanico lugar en el pa\u00eds que ofrece una&nbsp;<strong>visita al santuario<\/strong>&nbsp;de este insecto a bordo de una lancha de remo, lo que permite a los turistas&nbsp;<strong>vivir una experiencia \u00fanica<\/strong>.<\/p>\n\n\n\n<p>Las autoridades y las familias del grupo de lancheros, cortaron el list\u00f3n de este nuevo espacio en el cual trabajaron e invitaron a los ciudadanos del estado de Puebla y de estados vecinos, para que en pr\u00f3ximos d\u00edas acudan a la inauguraci\u00f3n del&nbsp;<strong>Festival de la Luci\u00e9rnaga 2022<\/strong>&nbsp;y puedan apreciar el espect\u00e1culo de&nbsp;<strong>miles de luci\u00e9rnagas<\/strong>&nbsp;en los \u00e1rboles que rodean a la presa de La Soledad.<\/p>\n","protected":false},"excerpt":{"rendered":"<p>Cada a\u00f1o&nbsp;Tlatlauquitepec&nbsp;recibe a visitantes de diferentes puntos del pa\u00eds y del extranjero para acudir a las zonas donde se realiza el&nbsp;avistamiento de luci\u00e9rnagas, por lo que ya alistan las rutas para los recorridos en la presa de&nbsp;La Soledad. Integrantes de un&nbsp;grupo de lancheros&nbsp;dieron a conocer que las actividades comenzar\u00e1n a finales de este mes de [&hellip;]<\/p>\n","protected":false},"author":4,"featured_media":6917,"comment_status":"open","ping_status":"open","sticky":false,"template":"","format":"standard","meta":{"om_disable_all_campaigns":false,"_monsterinsights_skip_tracking":false,"_monsterinsights_sitenote_active":false,"_monsterinsights_sitenote_note":"","_monsterinsights_sitenote_category":0,"footnotes":""},"categories":[3,176],"tags":[210],"class_list":["post-6916","post","type-post","status-publish","format-standard","has-post-thumbnail","hentry","category-entretenimiento","category-nacional","tag-tlaxcala"],"amp_enabled":true,"_links":{"self":[{"href":"https:\/\/lahora.mx\/index.php\/wp-json\/wp\/v2\/posts\/6916","targetHints":{"allow":["GET"]}}],"collection":[{"href":"https:\/\/lahora.mx\/index.php\/wp-json\/wp\/v2\/posts"}],"about":[{"href":"https:\/\/lahora.mx\/index.php\/wp-json\/wp\/v2\/types\/post"}],"author":[{"embeddable":true,"href":"https:\/\/lahora.mx\/index.php\/wp-json\/wp\/v2\/users\/4"}],"replies":[{"embeddable":true,"href":"https:\/\/lahora.mx\/index.php\/wp-json\/wp\/v2\/comments?post=6916"}],"version-history":[{"count":1,"href":"https:\/\/lahora.mx\/index.php\/wp-json\/wp\/v2\/posts\/6916\/revisions"}],"predecessor-version":[{"id":6918,"href":"https:\/\/lahora.mx\/index.php\/wp-json\/wp\/v2\/posts\/6916\/revisions\/6918"}],"wp:featuredmedia":[{"embeddable":true,"href":"https:\/\/lahora.mx\/index.php\/wp-json\/wp\/v2\/media\/6917"}],"wp:attachment":[{"href":"https:\/\/lahora.mx\/index.php\/wp-json\/wp\/v2\/media?parent=6916"}],"wp:term":[{"taxonomy":"category","embeddable":true,"href":"https:\/\/lahora.mx\/index.php\/wp-json\/wp\/v2\/categories?post=6916"},{"taxonomy":"post_tag","embeddable":true,"href":"https:\/\/lahora.mx\/index.php\/wp-json\/wp\/v2\/tags?post=6916"}],"curies":[{"name":"wp","href":"https:\/\/api.w.org\/{rel}","templated":true}]}}