{"id":69142,"date":"2025-10-03T17:07:50","date_gmt":"2025-10-03T17:07:50","guid":{"rendered":"https:\/\/lahora.mx\/?p=69142"},"modified":"2025-10-03T17:07:51","modified_gmt":"2025-10-03T17:07:51","slug":"entrega-chedraui-modernizacion-de-luminarias-en-beneficio-de-17-mil-vecinos-de-la-resurreccion","status":"publish","type":"post","link":"https:\/\/lahora.mx\/index.php\/2025\/10\/03\/entrega-chedraui-modernizacion-de-luminarias-en-beneficio-de-17-mil-vecinos-de-la-resurreccion\/","title":{"rendered":"Entrega Chedraui modernizaci\u00f3n de luminarias en beneficio de 17 mil vecinos de la Resurrecci\u00f3n"},"content":{"rendered":"\n<p>En beneficio de m\u00e1s de 17 mil 800 habitantes, el Gobierno de la Ciudad que encabeza el presidente municipal Pepe Chedraui Budib, entreg\u00f3 la modernizaci\u00f3n de 340 luminarias en las colonias Noche Buena, Tlilostoc, Cerro de M\u00e1rquez y Bosques de los \u00c1ngeles de la Junta Auxiliar de la Resurrecci\u00f3n y su cabecera, logrando la cobertura del 100 por ciento del alumbrado p\u00fablico, que corresponde a un universo de mil 101 puntos de luz.<\/p>\n\n\n\n<p>Gracias a la estrategia Puebla Brilla, impulsada a trav\u00e9s de la Secretar\u00eda de Servicios P\u00fablicos, el Gobierno de la Ciudad avanza en la transformaci\u00f3n de la vida comunitaria a trav\u00e9s de espacios p\u00fablicos mejor iluminados, construyendo una ciudad iluminada, que es una ciudad con paz y protecci\u00f3n, y cada luminaria representa este paso hacia una Puebla m\u00e1s segura, ordenada y unida.<br><br>En este sentido, el secretario de Servicios P\u00fablicos, Clemente G\u00f3mez Medina, destac\u00f3 el alcance de esta modernizaci\u00f3n al se\u00f1alar que cada punto de luz renovado simboliza m\u00e1s que un cambio tecnol\u00f3gico, un entorno digno para la ciudadan\u00eda, que ahora pueden caminar con mayor confianza por sus calles, parques y espacios de encuentro.<\/p>\n\n\n\n<p>Esta entrega es muestra del compromiso del Gobierno de la Ciudad de llevar servicios p\u00fablicos de calidad a todas las colonias y juntas auxiliares, priorizando aquellas con mayores carencias.<\/p>\n","protected":false},"excerpt":{"rendered":"<p>En beneficio de m\u00e1s de 17 mil 800 habitantes, el Gobierno de la Ciudad que encabeza el presidente municipal Pepe Chedraui Budib, entreg\u00f3 la modernizaci\u00f3n de 340 luminarias en las colonias Noche Buena, Tlilostoc, Cerro de M\u00e1rquez y Bosques de los \u00c1ngeles de la Junta Auxiliar de la Resurrecci\u00f3n y su cabecera, logrando la cobertura [&hellip;]<\/p>\n","protected":false},"author":4,"featured_media":69143,"comment_status":"open","ping_status":"open","sticky":false,"template":"","format":"standard","meta":{"om_disable_all_campaigns":false,"_monsterinsights_skip_tracking":false,"_monsterinsights_sitenote_active":false,"_monsterinsights_sitenote_note":"","_monsterinsights_sitenote_category":0,"footnotes":""},"categories":[175],"tags":[],"class_list":["post-69142","post","type-post","status-publish","format-standard","has-post-thumbnail","hentry","category-local"],"amp_enabled":true,"_links":{"self":[{"href":"https:\/\/lahora.mx\/index.php\/wp-json\/wp\/v2\/posts\/69142","targetHints":{"allow":["GET"]}}],"collection":[{"href":"https:\/\/lahora.mx\/index.php\/wp-json\/wp\/v2\/posts"}],"about":[{"href":"https:\/\/lahora.mx\/index.php\/wp-json\/wp\/v2\/types\/post"}],"author":[{"embeddable":true,"href":"https:\/\/lahora.mx\/index.php\/wp-json\/wp\/v2\/users\/4"}],"replies":[{"embeddable":true,"href":"https:\/\/lahora.mx\/index.php\/wp-json\/wp\/v2\/comments?post=69142"}],"version-history":[{"count":1,"href":"https:\/\/lahora.mx\/index.php\/wp-json\/wp\/v2\/posts\/69142\/revisions"}],"predecessor-version":[{"id":69144,"href":"https:\/\/lahora.mx\/index.php\/wp-json\/wp\/v2\/posts\/69142\/revisions\/69144"}],"wp:featuredmedia":[{"embeddable":true,"href":"https:\/\/lahora.mx\/index.php\/wp-json\/wp\/v2\/media\/69143"}],"wp:attachment":[{"href":"https:\/\/lahora.mx\/index.php\/wp-json\/wp\/v2\/media?parent=69142"}],"wp:term":[{"taxonomy":"category","embeddable":true,"href":"https:\/\/lahora.mx\/index.php\/wp-json\/wp\/v2\/categories?post=69142"},{"taxonomy":"post_tag","embeddable":true,"href":"https:\/\/lahora.mx\/index.php\/wp-json\/wp\/v2\/tags?post=69142"}],"curies":[{"name":"wp","href":"https:\/\/api.w.org\/{rel}","templated":true}]}}