{"id":69091,"date":"2025-10-02T02:06:00","date_gmt":"2025-10-02T02:06:00","guid":{"rendered":"https:\/\/lahora.mx\/?p=69091"},"modified":"2025-10-02T02:06:01","modified_gmt":"2025-10-02T02:06:01","slug":"arranca-pepe-chedraui-rehabilitacion-vial-en-avenida-33-poniente","status":"publish","type":"post","link":"https:\/\/lahora.mx\/index.php\/2025\/10\/02\/arranca-pepe-chedraui-rehabilitacion-vial-en-avenida-33-poniente\/","title":{"rendered":"Arranca Pepe Chedraui rehabilitaci\u00f3n vial en avenida 33 Poniente"},"content":{"rendered":"\n<p>Como parte del compromiso con el mejoramiento de la infraestructura vial y en cumplimiento al Programa Anual de Obra P\u00fablica 2025 que impulsa el Gobierno de la Ciudad, el presidente municipal, Pepe Chedraui Budib, arranc\u00f3 con los trabajos de mantenimiento vial de la avenida 33 Poniente, los cuales beneficiar\u00e1n a m\u00e1s de 13 mil 900 habitantes de la ciudad.<\/p>\n\n\n\n<p>Al respecto, el alcalde capitalino se\u00f1al\u00f3 que esta vialidad conecta con diversas zonas de la ciudad y su rehabilitaci\u00f3n beneficiar\u00e1 directamente a las y los habitantes de colonias como Benito Ju\u00e1rez, Los Volcanes, Gustavo D\u00edaz Ordaz, La Noria y a la unidad habitacional 12 de Mayo, quienes utilizan diariamente esta v\u00eda para trasladarse a sus centros de trabajo, planteles educativos, hogares y actividades cotidianas.<\/p>\n\n\n\n<p>\u201cEsta intervenci\u00f3n forma parte del programa de mejora de vialidades que estamos impulsando desde la administraci\u00f3n municipal para garantizar una infraestructura vial segura, funcional y en condiciones \u00f3ptimas\u201d, puntualiz\u00f3.<\/p>\n\n\n\n<p>Por su parte, la secretaria para la Igualdad Sustantiva de G\u00e9nero, Zaira Gonz\u00e1lez G\u00f3mez mencion\u00f3 que estos trabajos no solo mejoran las condiciones del pavimento, sino que tambi\u00e9n promueven una ciudad m\u00e1s equitativa, en la que moverse sin obst\u00e1culos, sin miedo y con dignidad, sea una realidad para todas y todos.<\/p>\n\n\n\n<p>\u201cSabemos que el derecho a la movilidad segura e incluyente es clave para garantizar una vida libre de violencias, especialmente para mujeres, ni\u00f1as y grupos hist\u00f3ricamente vulnerados. Por ello, reconocemos la importancia de intervenir esta vialidad que diariamente es transitada por miles de personas\u201d, precis\u00f3.<\/p>\n\n\n\n<p>En su momento, el presidente de la Comisi\u00f3n de Infraestructura, Movilidad y Servicios P\u00fablicos del Cabildo, Leobardo Rodr\u00edguez Ju\u00e1rez explic\u00f3 que, las y los regidores que integran las diferentes comisiones est\u00e1n comprometidos con impulsar acciones que beneficien a las familias poblanas. Por ello, cada proyecto o programa es analizado, a fin de que est\u00e9n enfocados en construir una ciudad m\u00e1s funcional, segura y con mejor calidad de vida para todas y todos.<\/p>\n\n\n\n<p>\u201cHoy damos arranque a los trabajos de mantenimiento vial en la avenida 33 Poniente, una acci\u00f3n prioritaria que responde a la demanda ciudadana y al trabajo coordinado que realizamos desde esta Comisi\u00f3n. Seguimos trabajando por una ciudad m\u00e1s conectada, accesible y con servicios a la altura de sus habitantes\u201d, a\u00f1adi\u00f3.<\/p>\n\n\n\n<p>Finalmente, el secretario de Movilidad e Infraestructura, David Aysa inform\u00f3 que, como parte de los trabajos de mantenimiento vial se tiene contemplado intervenir un total de 22 mil 307 metros cuadrados con acciones de construcci\u00f3n de banquetas con gu\u00eda podot\u00e1ctil para personas con debilidad visual, guarniciones, rampas, colocaci\u00f3n de carpeta asf\u00e1ltica y bolardos, aplicaci\u00f3n de se\u00f1al\u00e9tica horizontal, instalaci\u00f3n de se\u00f1alamientos viales verticales, luminarias, entre otras.<\/p>\n\n\n\n<p>\u201cEstamos atendiendo las vialidades que m\u00e1s lo necesitan. Sabemos que la mejora de la infraestructura vial es una de las principales solicitudes de la ciudadan\u00eda. Por ello, estamos trabajando con acciones de rehabilitaci\u00f3n vial, pavimentaci\u00f3n y bacheo en diferentes zonas de nuestra capital\u201d, afirm\u00f3.<\/p>\n\n\n\n<p>Cabe destacar que, durante el desarrollo de esta obra vial, se colocar\u00e1 carpeta asf\u00e1ltica en una longitud de mil 407 metros, en un ancho promedio de vialidad de 11.30 metros y se construir\u00e1 infraestructura ciclista en 760 metros.<\/p>\n\n\n\n<p>Con estas acciones, el Gobierno de la Ciudad que encabeza el alcalde Pepe Chedraui Budib, reafirma su compromiso con la construcci\u00f3n de una capital en orden y con la mejora continua de la infraestructura vial, a trav\u00e9s de impulsar obras que impacten directamente en la calidad de vida de las y los ciudadanos.<\/p>\n","protected":false},"excerpt":{"rendered":"<p>Como parte del compromiso con el mejoramiento de la infraestructura vial y en cumplimiento al Programa Anual de Obra P\u00fablica 2025 que impulsa el Gobierno de la Ciudad, el presidente municipal, Pepe Chedraui Budib, arranc\u00f3 con los trabajos de mantenimiento vial de la avenida 33 Poniente, los cuales beneficiar\u00e1n a m\u00e1s de 13 mil 900 [&hellip;]<\/p>\n","protected":false},"author":4,"featured_media":69092,"comment_status":"open","ping_status":"open","sticky":false,"template":"","format":"standard","meta":{"om_disable_all_campaigns":false,"_monsterinsights_skip_tracking":false,"_monsterinsights_sitenote_active":false,"_monsterinsights_sitenote_note":"","_monsterinsights_sitenote_category":0,"footnotes":""},"categories":[175],"tags":[223],"class_list":["post-69091","post","type-post","status-publish","format-standard","has-post-thumbnail","hentry","category-local","tag-puebla"],"amp_enabled":true,"_links":{"self":[{"href":"https:\/\/lahora.mx\/index.php\/wp-json\/wp\/v2\/posts\/69091","targetHints":{"allow":["GET"]}}],"collection":[{"href":"https:\/\/lahora.mx\/index.php\/wp-json\/wp\/v2\/posts"}],"about":[{"href":"https:\/\/lahora.mx\/index.php\/wp-json\/wp\/v2\/types\/post"}],"author":[{"embeddable":true,"href":"https:\/\/lahora.mx\/index.php\/wp-json\/wp\/v2\/users\/4"}],"replies":[{"embeddable":true,"href":"https:\/\/lahora.mx\/index.php\/wp-json\/wp\/v2\/comments?post=69091"}],"version-history":[{"count":1,"href":"https:\/\/lahora.mx\/index.php\/wp-json\/wp\/v2\/posts\/69091\/revisions"}],"predecessor-version":[{"id":69093,"href":"https:\/\/lahora.mx\/index.php\/wp-json\/wp\/v2\/posts\/69091\/revisions\/69093"}],"wp:featuredmedia":[{"embeddable":true,"href":"https:\/\/lahora.mx\/index.php\/wp-json\/wp\/v2\/media\/69092"}],"wp:attachment":[{"href":"https:\/\/lahora.mx\/index.php\/wp-json\/wp\/v2\/media?parent=69091"}],"wp:term":[{"taxonomy":"category","embeddable":true,"href":"https:\/\/lahora.mx\/index.php\/wp-json\/wp\/v2\/categories?post=69091"},{"taxonomy":"post_tag","embeddable":true,"href":"https:\/\/lahora.mx\/index.php\/wp-json\/wp\/v2\/tags?post=69091"}],"curies":[{"name":"wp","href":"https:\/\/api.w.org\/{rel}","templated":true}]}}