{"id":69088,"date":"2025-10-02T02:05:16","date_gmt":"2025-10-02T02:05:16","guid":{"rendered":"https:\/\/lahora.mx\/?p=69088"},"modified":"2025-10-02T02:05:17","modified_gmt":"2025-10-02T02:05:17","slug":"el-penal-de-san-miguel-recibio-las-reliquias-de-san-judas-tadeo","status":"publish","type":"post","link":"https:\/\/lahora.mx\/index.php\/2025\/10\/02\/el-penal-de-san-miguel-recibio-las-reliquias-de-san-judas-tadeo\/","title":{"rendered":"El Penal de San Miguel recibi\u00f3 las Reliquias de San Judas Tadeo"},"content":{"rendered":"\n<p>Esta ma\u00f1ana las Reliquias de San Judas Tadeo llegaron al Penal de San Miguel en compa\u00f1\u00eda de su custodio el Fraile Francisco Javier de la orden de La Merced en una camioneta blanca Van.<\/p>\n\n\n\n<p>Las personas que se encontraban alrededor se percataron del hecho y de inmediato se acercaron al veh\u00edculo con la intenci\u00f3n de estar m\u00e1s cerca para santiguarse y elevar una oraci\u00f3n.<br><br>La reliquia de San Judas Tadeo y el fraile Francisco Javier, han ido al encuentro de los reos de los penales de Huejotzingo y San Pedro Cholula a d\u00f3nde ha reconfortado m\u00e1s de mil 200 internos que en un ambiente de fe se encomendaron a Dios.<\/p>\n\n\n\n<p>Posteriormente las Reliquias estar\u00e1n en la Parroquia de la Sant\u00edsima Trinidad de la colonia Jorge Murad, del 02 al 04 de octubre; luego estar\u00e1 en la parroquia de San Juan Bautista del 04 al 06, despu\u00e9s enfilar\u00e1 la parroquia de Nuestra Se\u00f1ora de la Asunci\u00f3n el 06 y 07, a Nuestra Se\u00f1ora de San Juan de los Lagos, el siete y al templo Inmaculado del Coraz\u00f3n de Mar\u00eda del Barrio de El Parral llegar\u00e1 el mi\u00e9rcoles ocho y saldr\u00e1 el viernes 10 a las 18:00 horas<\/p>\n","protected":false},"excerpt":{"rendered":"<p>Esta ma\u00f1ana las Reliquias de San Judas Tadeo llegaron al Penal de San Miguel en compa\u00f1\u00eda de su custodio el Fraile Francisco Javier de la orden de La Merced en una camioneta blanca Van. Las personas que se encontraban alrededor se percataron del hecho y de inmediato se acercaron al veh\u00edculo con la intenci\u00f3n de [&hellip;]<\/p>\n","protected":false},"author":4,"featured_media":69089,"comment_status":"open","ping_status":"open","sticky":false,"template":"","format":"standard","meta":{"om_disable_all_campaigns":false,"_monsterinsights_skip_tracking":false,"_monsterinsights_sitenote_active":false,"_monsterinsights_sitenote_note":"","_monsterinsights_sitenote_category":0,"footnotes":""},"categories":[3,175],"tags":[],"class_list":["post-69088","post","type-post","status-publish","format-standard","has-post-thumbnail","hentry","category-entretenimiento","category-local"],"amp_enabled":true,"_links":{"self":[{"href":"https:\/\/lahora.mx\/index.php\/wp-json\/wp\/v2\/posts\/69088","targetHints":{"allow":["GET"]}}],"collection":[{"href":"https:\/\/lahora.mx\/index.php\/wp-json\/wp\/v2\/posts"}],"about":[{"href":"https:\/\/lahora.mx\/index.php\/wp-json\/wp\/v2\/types\/post"}],"author":[{"embeddable":true,"href":"https:\/\/lahora.mx\/index.php\/wp-json\/wp\/v2\/users\/4"}],"replies":[{"embeddable":true,"href":"https:\/\/lahora.mx\/index.php\/wp-json\/wp\/v2\/comments?post=69088"}],"version-history":[{"count":1,"href":"https:\/\/lahora.mx\/index.php\/wp-json\/wp\/v2\/posts\/69088\/revisions"}],"predecessor-version":[{"id":69090,"href":"https:\/\/lahora.mx\/index.php\/wp-json\/wp\/v2\/posts\/69088\/revisions\/69090"}],"wp:featuredmedia":[{"embeddable":true,"href":"https:\/\/lahora.mx\/index.php\/wp-json\/wp\/v2\/media\/69089"}],"wp:attachment":[{"href":"https:\/\/lahora.mx\/index.php\/wp-json\/wp\/v2\/media?parent=69088"}],"wp:term":[{"taxonomy":"category","embeddable":true,"href":"https:\/\/lahora.mx\/index.php\/wp-json\/wp\/v2\/categories?post=69088"},{"taxonomy":"post_tag","embeddable":true,"href":"https:\/\/lahora.mx\/index.php\/wp-json\/wp\/v2\/tags?post=69088"}],"curies":[{"name":"wp","href":"https:\/\/api.w.org\/{rel}","templated":true}]}}