{"id":69082,"date":"2025-10-02T02:02:55","date_gmt":"2025-10-02T02:02:55","guid":{"rendered":"https:\/\/lahora.mx\/?p=69082"},"modified":"2025-10-02T02:02:56","modified_gmt":"2025-10-02T02:02:56","slug":"sensores-y-nuevos-horarios-limitaran-paso-de-pipas-por-la-mexico-puebla","status":"publish","type":"post","link":"https:\/\/lahora.mx\/index.php\/2025\/10\/02\/sensores-y-nuevos-horarios-limitaran-paso-de-pipas-por-la-mexico-puebla\/","title":{"rendered":"Sensores y nuevos horarios limitar\u00e1n paso de pipas por la M\u00e9xico-Puebla"},"content":{"rendered":"\n<p>La autopista M\u00e9xico-Puebla enfrentar\u00e1 nuevas restricciones de circulaci\u00f3n para pipas con materiales peligrosos, como parte de un plan anunciado por la jefa de Gobierno de la Ciudad de M\u00e9xico, Clara Brugada, durante la conferencia de prensa encabezada por la presidenta Claudia Sheinbaum.<\/p>\n\n\n\n<p>La medida surge tras el accidente ocurrido en Iztapalapa, donde la explosi\u00f3n de una pipa dej\u00f3 31 muertos y 53 heridos. Ahora, la CDMX instalar\u00e1 sensores de velocidad, modificar\u00e1 horarios de tr\u00e1nsito y duplicar\u00e1 multas para garantizar mayor seguridad en el transporte de sustancias t\u00f3xicas.<br><br>De acuerdo con Brugada, las unidades con cargas superiores a 20 mil litros solo podr\u00e1n circular entre las 22:00 y las 5:00 horas, mientras que aquellas que transporten m\u00e1s de 40 mil litros no tendr\u00e1n acceso a la ciudad. Adem\u00e1s, Perif\u00e9rico y Circuito Interior quedar\u00e1n prohibidos para este tipo de veh\u00edculos.<\/p>\n\n\n\n<p>Para los poblanos que transitan diariamente hacia la capital, esto implicar\u00e1 revisiones aleatorias, licencias tipo E12 obligatorias y dict\u00e1menes ambientales emitidos por la Agencia de Seguridad, Energ\u00eda y Ambiente. Con ello, se busca disminuir riesgos, reforzar la seguridad vial y prevenir tragedias en rutas estrat\u00e9gicas como la M\u00e9xico-Puebla.<\/p>\n","protected":false},"excerpt":{"rendered":"<p>La autopista M\u00e9xico-Puebla enfrentar\u00e1 nuevas restricciones de circulaci\u00f3n para pipas con materiales peligrosos, como parte de un plan anunciado por la jefa de Gobierno de la Ciudad de M\u00e9xico, Clara Brugada, durante la conferencia de prensa encabezada por la presidenta Claudia Sheinbaum. La medida surge tras el accidente ocurrido en Iztapalapa, donde la explosi\u00f3n de [&hellip;]<\/p>\n","protected":false},"author":4,"featured_media":69083,"comment_status":"open","ping_status":"open","sticky":false,"template":"","format":"standard","meta":{"om_disable_all_campaigns":false,"_monsterinsights_skip_tracking":false,"_monsterinsights_sitenote_active":false,"_monsterinsights_sitenote_note":"","_monsterinsights_sitenote_category":0,"footnotes":""},"categories":[175],"tags":[195,223],"class_list":["post-69082","post","type-post","status-publish","format-standard","has-post-thumbnail","hentry","category-local","tag-principal","tag-puebla"],"amp_enabled":true,"_links":{"self":[{"href":"https:\/\/lahora.mx\/index.php\/wp-json\/wp\/v2\/posts\/69082","targetHints":{"allow":["GET"]}}],"collection":[{"href":"https:\/\/lahora.mx\/index.php\/wp-json\/wp\/v2\/posts"}],"about":[{"href":"https:\/\/lahora.mx\/index.php\/wp-json\/wp\/v2\/types\/post"}],"author":[{"embeddable":true,"href":"https:\/\/lahora.mx\/index.php\/wp-json\/wp\/v2\/users\/4"}],"replies":[{"embeddable":true,"href":"https:\/\/lahora.mx\/index.php\/wp-json\/wp\/v2\/comments?post=69082"}],"version-history":[{"count":1,"href":"https:\/\/lahora.mx\/index.php\/wp-json\/wp\/v2\/posts\/69082\/revisions"}],"predecessor-version":[{"id":69084,"href":"https:\/\/lahora.mx\/index.php\/wp-json\/wp\/v2\/posts\/69082\/revisions\/69084"}],"wp:featuredmedia":[{"embeddable":true,"href":"https:\/\/lahora.mx\/index.php\/wp-json\/wp\/v2\/media\/69083"}],"wp:attachment":[{"href":"https:\/\/lahora.mx\/index.php\/wp-json\/wp\/v2\/media?parent=69082"}],"wp:term":[{"taxonomy":"category","embeddable":true,"href":"https:\/\/lahora.mx\/index.php\/wp-json\/wp\/v2\/categories?post=69082"},{"taxonomy":"post_tag","embeddable":true,"href":"https:\/\/lahora.mx\/index.php\/wp-json\/wp\/v2\/tags?post=69082"}],"curies":[{"name":"wp","href":"https:\/\/api.w.org\/{rel}","templated":true}]}}