{"id":69076,"date":"2025-10-02T02:01:14","date_gmt":"2025-10-02T02:01:14","guid":{"rendered":"https:\/\/lahora.mx\/?p=69076"},"modified":"2025-10-02T02:01:15","modified_gmt":"2025-10-02T02:01:15","slug":"admiten-en-atlixco-poco-conocimiento-de-la-existencia-de-casas-carmen-serdan","status":"publish","type":"post","link":"https:\/\/lahora.mx\/index.php\/2025\/10\/02\/admiten-en-atlixco-poco-conocimiento-de-la-existencia-de-casas-carmen-serdan\/","title":{"rendered":"Admiten en Atlixco poco conocimiento de la existencia de Casas Carmen Serd\u00e1n"},"content":{"rendered":"\n<p>En una jornada que combin\u00f3 el reclamo, la informaci\u00f3n y la esperanza, mujeres de diversos sectores sociales locales se congregaron este mi\u00e9rcoles en la Casa de la Cultura de la ciudad para dialogar con autoridades estatales y del Ayuntamiento sobre el acceso real a mecanismos de protecci\u00f3n frente a la violencia de g\u00e9nero.<\/p>\n\n\n\n<p>Al frente de esta conversaci\u00f3n estuvieron Yadira Lira Navarro, nueva titular de la Secretar\u00eda de las Mujeres del estado, y la alcaldesa Ariadna Ayala. La primera en su turno admiti\u00f3 p\u00fablicamente un problema estructural: muchas mujeres ni siquiera saben que existen las Casas Refugio \u201cCarmen Serd\u00e1n\u201d.<br><br>\u201cDurante recorridos por municipios del estado comprob\u00e9 que una gran mayor\u00eda de mujeres a\u00fan no conocen las casas refugio Carmen Serd\u00e1n\u201d, reconoci\u00f3 Lira Navarro quien lament\u00f3 el limitado alcance de estos espacios.<\/p>\n\n\n\n<p>Las Casas Carmen Serd\u00e1n fueron creadas como parte de la pol\u00edtica p\u00fablica de este nuevo sexenio para atender a mujeres en situaci\u00f3n de violencia con perspectiva de g\u00e9nero. Y funcionan como refugios seguros que brindan acompa\u00f1amiento jur\u00eddico, psicol\u00f3gico, servicios sociales y albergue temporal.<\/p>\n","protected":false},"excerpt":{"rendered":"<p>En una jornada que combin\u00f3 el reclamo, la informaci\u00f3n y la esperanza, mujeres de diversos sectores sociales locales se congregaron este mi\u00e9rcoles en la Casa de la Cultura de la ciudad para dialogar con autoridades estatales y del Ayuntamiento sobre el acceso real a mecanismos de protecci\u00f3n frente a la violencia de g\u00e9nero. Al frente [&hellip;]<\/p>\n","protected":false},"author":4,"featured_media":69077,"comment_status":"open","ping_status":"open","sticky":false,"template":"","format":"standard","meta":{"om_disable_all_campaigns":false,"_monsterinsights_skip_tracking":false,"_monsterinsights_sitenote_active":false,"_monsterinsights_sitenote_note":"","_monsterinsights_sitenote_category":0,"footnotes":""},"categories":[175],"tags":[223],"class_list":["post-69076","post","type-post","status-publish","format-standard","has-post-thumbnail","hentry","category-local","tag-puebla"],"amp_enabled":true,"_links":{"self":[{"href":"https:\/\/lahora.mx\/index.php\/wp-json\/wp\/v2\/posts\/69076","targetHints":{"allow":["GET"]}}],"collection":[{"href":"https:\/\/lahora.mx\/index.php\/wp-json\/wp\/v2\/posts"}],"about":[{"href":"https:\/\/lahora.mx\/index.php\/wp-json\/wp\/v2\/types\/post"}],"author":[{"embeddable":true,"href":"https:\/\/lahora.mx\/index.php\/wp-json\/wp\/v2\/users\/4"}],"replies":[{"embeddable":true,"href":"https:\/\/lahora.mx\/index.php\/wp-json\/wp\/v2\/comments?post=69076"}],"version-history":[{"count":1,"href":"https:\/\/lahora.mx\/index.php\/wp-json\/wp\/v2\/posts\/69076\/revisions"}],"predecessor-version":[{"id":69078,"href":"https:\/\/lahora.mx\/index.php\/wp-json\/wp\/v2\/posts\/69076\/revisions\/69078"}],"wp:featuredmedia":[{"embeddable":true,"href":"https:\/\/lahora.mx\/index.php\/wp-json\/wp\/v2\/media\/69077"}],"wp:attachment":[{"href":"https:\/\/lahora.mx\/index.php\/wp-json\/wp\/v2\/media?parent=69076"}],"wp:term":[{"taxonomy":"category","embeddable":true,"href":"https:\/\/lahora.mx\/index.php\/wp-json\/wp\/v2\/categories?post=69076"},{"taxonomy":"post_tag","embeddable":true,"href":"https:\/\/lahora.mx\/index.php\/wp-json\/wp\/v2\/tags?post=69076"}],"curies":[{"name":"wp","href":"https:\/\/api.w.org\/{rel}","templated":true}]}}