{"id":69067,"date":"2025-10-01T16:11:23","date_gmt":"2025-10-01T16:11:23","guid":{"rendered":"https:\/\/lahora.mx\/?p=69067"},"modified":"2025-10-01T16:11:24","modified_gmt":"2025-10-01T16:11:24","slug":"inicia-reparacion-de-drenaje-en-retorno-de-periferico-y-forjadores-infraestructura","status":"publish","type":"post","link":"https:\/\/lahora.mx\/index.php\/2025\/10\/01\/inicia-reparacion-de-drenaje-en-retorno-de-periferico-y-forjadores-infraestructura\/","title":{"rendered":"Inicia reparaci\u00f3n de drenaje en retorno de Perif\u00e9rico y Forjadores: Infraestructura"},"content":{"rendered":"\n<p>El Gobierno del Estado de Puebla, a trav\u00e9s de la Secretar\u00eda de Infraestructura, informa que a partir de este 30 de septiembre habr\u00e1 cierre temporal en el retorno inferior en Perif\u00e9rico Ecol\u00f3gico a la altura de Bulevar Forjadores con sentido a Volkswagen, zona que presenta encharcamiento debido a da\u00f1os en el drenaje pluvial, por lo que ser\u00e1 intervenida el \u00e1rea.<\/p>\n\n\n\n<p>Para evitar afectaciones a veh\u00edculos, la dependencia trabaja con elementos de la Coordinaci\u00f3n General de Protecci\u00f3n Civil y Gesti\u00f3n del Riesgo de Desastres. Se mantendr\u00e1 el cierre al paso unidades, durante cuatro semanas, por lo que se exhorta a la poblaci\u00f3n a manejar con precauci\u00f3n en la zona durante el proceso de la obra.<br><br>Las v\u00edas alternas para los veh\u00edculos que circulan sobre Bulevar Forjadores con sentido a Puebla, deber\u00e1n continuar de frente y retornar m\u00e1s adelante a la izquierda para incorporarse a Perif\u00e9rico Ecol\u00f3gico sentido a Volkswagen.<\/p>\n\n\n\n<p>Los automovilistas que circulan sobre Perif\u00e9rico Ecol\u00f3gico con sentido a Atlixco deber\u00e1n continuar hasta incorporarse a la derecha en el puente del Camino Real a Momoxpan, subir al puente para retornar y tomar la lateral en calle Ignacio Allende para tomar direcci\u00f3n a Volkswagen o incorporarse por la lateral del perif\u00e9rico sentido a Bulevar Forjadores direcci\u00f3n a Puebla o continuar direcci\u00f3n a la autopista. En caso de que se pasaran esta incorporaci\u00f3n, podr\u00e1n retornar en el distribuidor de la Recta a Cholula.<\/p>\n\n\n\n<p>El cierre temporal tiene como objetivo solucionar el problema de encharcamiento, por lo que habr\u00e1 maquinaria especializada que realizar\u00e1 la liberaci\u00f3n de la l\u00ednea pluvial, se perforar\u00e1 y se inducir\u00e1 la tuber\u00eda a los registros de agua. Adem\u00e1s, se realizar\u00e1n pruebas de eficiencia a fin de que toda la infraestructura quede debidamente conectada y de esa manera el agua se pueda drenar y se resuelva este problema de manera permanente.<\/p>\n","protected":false},"excerpt":{"rendered":"<p>El Gobierno del Estado de Puebla, a trav\u00e9s de la Secretar\u00eda de Infraestructura, informa que a partir de este 30 de septiembre habr\u00e1 cierre temporal en el retorno inferior en Perif\u00e9rico Ecol\u00f3gico a la altura de Bulevar Forjadores con sentido a Volkswagen, zona que presenta encharcamiento debido a da\u00f1os en el drenaje pluvial, por lo [&hellip;]<\/p>\n","protected":false},"author":4,"featured_media":69068,"comment_status":"open","ping_status":"open","sticky":false,"template":"","format":"standard","meta":{"om_disable_all_campaigns":false,"_monsterinsights_skip_tracking":false,"_monsterinsights_sitenote_active":false,"_monsterinsights_sitenote_note":"","_monsterinsights_sitenote_category":0,"footnotes":""},"categories":[175],"tags":[239,195,223],"class_list":["post-69067","post","type-post","status-publish","format-standard","has-post-thumbnail","hentry","category-local","tag-gobierno","tag-principal","tag-puebla"],"amp_enabled":true,"_links":{"self":[{"href":"https:\/\/lahora.mx\/index.php\/wp-json\/wp\/v2\/posts\/69067","targetHints":{"allow":["GET"]}}],"collection":[{"href":"https:\/\/lahora.mx\/index.php\/wp-json\/wp\/v2\/posts"}],"about":[{"href":"https:\/\/lahora.mx\/index.php\/wp-json\/wp\/v2\/types\/post"}],"author":[{"embeddable":true,"href":"https:\/\/lahora.mx\/index.php\/wp-json\/wp\/v2\/users\/4"}],"replies":[{"embeddable":true,"href":"https:\/\/lahora.mx\/index.php\/wp-json\/wp\/v2\/comments?post=69067"}],"version-history":[{"count":1,"href":"https:\/\/lahora.mx\/index.php\/wp-json\/wp\/v2\/posts\/69067\/revisions"}],"predecessor-version":[{"id":69069,"href":"https:\/\/lahora.mx\/index.php\/wp-json\/wp\/v2\/posts\/69067\/revisions\/69069"}],"wp:featuredmedia":[{"embeddable":true,"href":"https:\/\/lahora.mx\/index.php\/wp-json\/wp\/v2\/media\/69068"}],"wp:attachment":[{"href":"https:\/\/lahora.mx\/index.php\/wp-json\/wp\/v2\/media?parent=69067"}],"wp:term":[{"taxonomy":"category","embeddable":true,"href":"https:\/\/lahora.mx\/index.php\/wp-json\/wp\/v2\/categories?post=69067"},{"taxonomy":"post_tag","embeddable":true,"href":"https:\/\/lahora.mx\/index.php\/wp-json\/wp\/v2\/tags?post=69067"}],"curies":[{"name":"wp","href":"https:\/\/api.w.org\/{rel}","templated":true}]}}