{"id":69058,"date":"2025-10-01T16:05:56","date_gmt":"2025-10-01T16:05:56","guid":{"rendered":"https:\/\/lahora.mx\/?p=69058"},"modified":"2025-10-01T16:05:56","modified_gmt":"2025-10-01T16:05:56","slug":"buscan-tipificar-ecocidio-como-crimen-internacional","status":"publish","type":"post","link":"https:\/\/lahora.mx\/index.php\/2025\/10\/01\/buscan-tipificar-ecocidio-como-crimen-internacional\/","title":{"rendered":"Buscan tipificar ecocidio como crimen internacional"},"content":{"rendered":"\n<p>El ecocidio podr\u00eda tratarse de un delito cercano al genocidio porque desplaza a poblaciones enteras, provoca cr\u00edmenes contra los defensores del medio ambiente y se asocia a otros fen\u00f3menos globales como el cambio clim\u00e1tico, asegur\u00f3 el director del Centro de Investigaciones sobre Am\u00e9rica Latina y el Caribe (CIALC) de la UNAM, Gerardo Torres Salcido.<\/p>\n\n\n\n<p>Esta entidad universitaria, dijo, impulsa visiones nuevas sobre Latinoam\u00e9rica, por lo que cuenta con acad\u00e9micos destacados en los \u00e1mbitos nacional e internacional que investigan fen\u00f3menos como desplazamientos, despojos y violencias tambi\u00e9n contra las comunidades.<br><br>Al participar en el Seminario Internacional El delito de ecocidio en Am\u00e9rica Latina, a\u00f1adi\u00f3: \u201cestamos interesados en los derechos humanos y en la interrelaci\u00f3n entre la sociedad y nuestros ecosistemas\u201d, porque ese es un problema creciente en la regi\u00f3n.<\/p>\n\n\n\n<p>Stop Ecocidio Internacional es una asociaci\u00f3n que busca desarrollar un trabajo global, intersectorial y colaborar con agentes clave para caracterizar ese il\u00edcito como un crimen internacional. Se pretende que sea incorporado en la Corte Penal Internacional, y eso \u201cme parece muy importante\u201d, puntualiz\u00f3.<\/p>\n\n\n\n<p>A decir de la investigadora del CIALC, Eva Leticia Ordu\u00f1a Trujillo, la afectaci\u00f3n clim\u00e1tica y al medio ambiente se vincula con la de otros derechos: el primero de ellos, la vida.<\/p>\n\n\n\n<p>AL es la regi\u00f3n del mundo donde se registran m\u00e1s agresiones a defensoras y defensores de derechos ambientales: asesinatos y desapariciones forzadas se cuentan entre las situaciones m\u00e1s graves, alert\u00f3 la experta.<\/p>\n\n\n\n<p>Tambi\u00e9n se da la estigmatizaci\u00f3n, al tachar a estas personas como opositoras al desarrollo o \u201cterroristas\u201d, desacreditando su lucha; se les criminaliza con el brazo m\u00e1s potente del Estado: el encarcelamiento.<\/p>\n\n\n\n<p>En Centroam\u00e9rica, ejemplific\u00f3, los intereses econ\u00f3micos se contraponen a los de las comunidades, a la diversidad y tradiciones ancestrales. Se trata de la actuaci\u00f3n de las empresas, del capitalismo en toda su expresi\u00f3n, pero \u201cello no ser\u00eda posible sin la intervenci\u00f3n de los agentes estatales\u201d.<\/p>\n\n\n\n<p>A su vez, la integrante del Programa de Posgrado en Estudios Latinoamericanos de esta casa de estudios, Natalia Denise Alonso, advirti\u00f3 que las condiciones estructurales de AL en el sistema-mundo deben ser consideradas y entendidas a la hora de hacer pol\u00edtica ambiental, de articular demandas socioambientales y de legislar sobre ecocidio.<\/p>\n\n\n\n<p>Reconoci\u00f3 que la movilizaci\u00f3n social por la justicia ambiental en la regi\u00f3n se ha ido apropiando del t\u00e9rmino \u201cecocidio\u201d y construyendo la percepci\u00f3n de su riesgo, aunque no est\u00e9 sucediendo y sin aplicar o no la definici\u00f3n t\u00e9cnica.<\/p>\n\n\n\n<p>Existe la necesidad de trabajar en la definici\u00f3n de ecocidio situada en Am\u00e9rica Latina, desde y para las necesidades de nuestra regi\u00f3n, que tambi\u00e9n puede ser relevante para otras del sur global. \u201cAunque cada una tiene sus historias, podemos tener problem\u00e1ticas parecidas\u201d, destac\u00f3.<\/p>\n\n\n\n<p>Intervenciones sist\u00e9micas<\/p>\n\n\n\n<p>Jojo Mehta, directora general de Stop Ecocidio Internacional, se\u00f1al\u00f3 que en el siglo XXI comenzamos a experimentar un nuevo consenso: que la naturaleza no es prescindible; \u201cdependemos por completo de ella y somos responsables de ella\u201d.<\/p>\n\n\n\n<p>En su mensaje a distancia record\u00f3 que nuestra cultura econ\u00f3mica global creci\u00f3 a partir de una mentalidad dualista que est\u00e1 integrada en el pensamiento occidental al entender que la naturaleza es algo distinto y separado de los seres humanos.<\/p>\n\n\n\n<p>Ello nos ha llevado a la explotaci\u00f3n irrestricta de los recursos naturales, al punto de destruir los ecosistemas vitales que mantienen la vida, incluidas las nuestras, y los medios de existencia, acot\u00f3.<\/p>\n\n\n\n<p>En consecuencia, sostuvo, debemos buscar intervenciones sist\u00e9micas que pueden cambiar r\u00e1pidamente las percepciones culturales. \u201cLa ley de ecocidio, que reconoce como delitos graves los da\u00f1os m\u00e1s severos a la naturaleza, es una intervenci\u00f3n de este tipo\u201d.<\/p>\n\n\n\n<p>La iniciativa de criminalizar esos actos ha ganado impulso considerable. Se han propuesto leyes en numerosas jurisdicciones nacionales, incluidos varios pa\u00edses de Am\u00e9rica Latina, y en septiembre de 2024 se present\u00f3 una propuesta para enmendar el Estatuto de Roma de la Corte Penal Internacional, a fin de incluir al ecocidio como un delito internacional.<\/p>\n\n\n\n<p>Las intervenciones en este encuentro ayudar\u00e1n a aclarar el papel pionero que la regi\u00f3n puede desempe\u00f1ar en esta historia de esperanza para la vida en el planeta, asever\u00f3 Jojo Mehta.<\/p>\n\n\n\n<p>A paso lento<\/p>\n\n\n\n<p>Rodrigo Lled\u00f3, director para las Am\u00e9ricas de dicha fundaci\u00f3n, opin\u00f3 que la tipificaci\u00f3n del ecocidio como crimen internacional es una iniciativa m\u00e1s de las que se necesitan, y ser\u00e1 parte de la soluci\u00f3n de los problemas en ese \u00e1mbito.<\/p>\n\n\n\n<p>Ha habido proyectos de ley en torno al tema en Bolivia, Brasil, Per\u00fa y Argentina, mientras que Chile tiene incorporado la \u201cafectaci\u00f3n ambiental grave\u201d en su legislaci\u00f3n. Colombia incorpor\u00f3 el ecocidio en el c\u00f3digo penal desde hace tiempo, aunque con una definici\u00f3n m\u00e1s cercana a crimen de lesa humanidad.<\/p>\n\n\n\n<p>M\u00e9xico ha tenido proyectos de ley de ecocidio en 2018, 2020, 2021 y 2023, sin que haya \u201ccuajado alguno\u201d. A nivel estatal el flagelo est\u00e1 incorporado en el C\u00f3digo Penal de la Ciudad de M\u00e9xico, Jalisco y Chiapas, pero no est\u00e1 regulado de manera tan armonizada, ni entre ellos ni en relaci\u00f3n con la definici\u00f3n internacional.<\/p>\n\n\n\n<p>En tanto, la Corte Interamericana de Derechos Humanos no lo menciona, pero \u201cse adelantan esfuerzos por penalizar a nivel nacional e internacional conductas que generan da\u00f1os masivos y duraderos a nuestros ecosistemas\u201d, resalt\u00f3 Rodrigo Lled\u00f3.<\/p>\n","protected":false},"excerpt":{"rendered":"<p>El ecocidio podr\u00eda tratarse de un delito cercano al genocidio porque desplaza a poblaciones enteras, provoca cr\u00edmenes contra los defensores del medio ambiente y se asocia a otros fen\u00f3menos globales como el cambio clim\u00e1tico, asegur\u00f3 el director del Centro de Investigaciones sobre Am\u00e9rica Latina y el Caribe (CIALC) de la UNAM, Gerardo Torres Salcido. Esta [&hellip;]<\/p>\n","protected":false},"author":4,"featured_media":69059,"comment_status":"open","ping_status":"open","sticky":false,"template":"","format":"standard","meta":{"om_disable_all_campaigns":false,"_monsterinsights_skip_tracking":false,"_monsterinsights_sitenote_active":false,"_monsterinsights_sitenote_note":"","_monsterinsights_sitenote_category":0,"footnotes":""},"categories":[5],"tags":[223],"class_list":["post-69058","post","type-post","status-publish","format-standard","has-post-thumbnail","hentry","category-politica","tag-puebla"],"amp_enabled":true,"_links":{"self":[{"href":"https:\/\/lahora.mx\/index.php\/wp-json\/wp\/v2\/posts\/69058","targetHints":{"allow":["GET"]}}],"collection":[{"href":"https:\/\/lahora.mx\/index.php\/wp-json\/wp\/v2\/posts"}],"about":[{"href":"https:\/\/lahora.mx\/index.php\/wp-json\/wp\/v2\/types\/post"}],"author":[{"embeddable":true,"href":"https:\/\/lahora.mx\/index.php\/wp-json\/wp\/v2\/users\/4"}],"replies":[{"embeddable":true,"href":"https:\/\/lahora.mx\/index.php\/wp-json\/wp\/v2\/comments?post=69058"}],"version-history":[{"count":1,"href":"https:\/\/lahora.mx\/index.php\/wp-json\/wp\/v2\/posts\/69058\/revisions"}],"predecessor-version":[{"id":69060,"href":"https:\/\/lahora.mx\/index.php\/wp-json\/wp\/v2\/posts\/69058\/revisions\/69060"}],"wp:featuredmedia":[{"embeddable":true,"href":"https:\/\/lahora.mx\/index.php\/wp-json\/wp\/v2\/media\/69059"}],"wp:attachment":[{"href":"https:\/\/lahora.mx\/index.php\/wp-json\/wp\/v2\/media?parent=69058"}],"wp:term":[{"taxonomy":"category","embeddable":true,"href":"https:\/\/lahora.mx\/index.php\/wp-json\/wp\/v2\/categories?post=69058"},{"taxonomy":"post_tag","embeddable":true,"href":"https:\/\/lahora.mx\/index.php\/wp-json\/wp\/v2\/tags?post=69058"}],"curies":[{"name":"wp","href":"https:\/\/api.w.org\/{rel}","templated":true}]}}