{"id":69017,"date":"2025-09-22T15:03:07","date_gmt":"2025-09-22T15:03:07","guid":{"rendered":"https:\/\/lahora.mx\/?p=69017"},"modified":"2025-10-01T15:05:03","modified_gmt":"2025-10-01T15:05:03","slug":"avalan-en-comision-del-congreso-exhorto-para-garantizar-accesibilidad-e-inclusion-a-estudiantes-con-discapacidad","status":"publish","type":"post","link":"https:\/\/lahora.mx\/index.php\/2025\/09\/22\/avalan-en-comision-del-congreso-exhorto-para-garantizar-accesibilidad-e-inclusion-a-estudiantes-con-discapacidad\/","title":{"rendered":"Avalan en Comisi\u00f3n del Congreso exhorto para garantizar accesibilidad e inclusi\u00f3n a estudiantes con discapacidad"},"content":{"rendered":"\n<p>Con el fin de garantizar el acceso seguro, inclusivo y efectivo de ni\u00f1as, ni\u00f1os y adolescentes con discapacidad, la Comisi\u00f3n de Educaci\u00f3n del Congreso aprob\u00f3 un punto de acuerdo para exhortar a la Secretar\u00eda de Educaci\u00f3n P\u00fablica a que, en el \u00e1mbito de su competencia, dise\u00f1e, supervise e implemente peri\u00f3dicamente programas de capacitaci\u00f3n dirigidos a los y las docentes para la detecci\u00f3n oportuna de las necesidades de aprendizaje de los y las estudiantes.<\/p>\n\n\n\n<p>El exhorto, elaborado con las propuestas de las diputadas Leonela Jazm\u00edn Mart\u00ednez Ayala y Elvia Graciela Palomares Ram\u00edrez, tambi\u00e9n contempla fortalecer los mecanismos de verificaci\u00f3n de las medidas de accesibilidad y de los ajustes razonables en las escuelas p\u00fablicas de la entidad.<\/p>\n\n\n\n<p>Al hacer uso de la palabra, la diputada Leonela Jazm\u00edn Mart\u00ednez Ayala se\u00f1al\u00f3 que no todos los municipios cuentan con escuelas y unidades de educaci\u00f3n especial, pero es necesario detectar y atender las barreras del aprendizaje, as\u00ed como contar con medidas de accesibilidad y ajustes razonables que permitan garantizar el derecho a la educaci\u00f3n.<\/p>\n\n\n\n<p>Por su parte, la diputada Mar\u00eda Soledad Amieva Zamora respald\u00f3 este exhorto, ya que es necesario garantizar el ejercicio pleno de los derechos humanos, as\u00ed como tener espacios y servicios accesibles, para contar con una inclusi\u00f3n educativa.<\/p>\n\n\n\n<p>En otro momento de la sesi\u00f3n, las diputadas aprobaron el punto de acuerdo impulsado por el diputado Jaime Natale Uranga, para exhortar a la Secretar\u00eda de Educaci\u00f3n P\u00fablica del Estado a que fomente la sostenibilidad de los materiales escolares utilizados durante el ciclo escolar 2025-2026, a trav\u00e9s de la reutilizaci\u00f3n y el uso de recursos biodegradables, entre otros, a fin de preservar el cuidado del medio ambiente y fortalecer la econom\u00eda de las familias poblanas.<\/p>\n\n\n\n<p>Sobre el tema, la diputada presidenta de la Comisi\u00f3n de Educaci\u00f3n, Laura Artemisa Garc\u00eda Ch\u00e1vez, reconoci\u00f3 la congruencia del diputado Jaime Natale que, con sus propuestas mantiene un enfoque de sustentabilidad y cuidado del medio ambiente.<\/p>\n\n\n\n<p>Durante la sesi\u00f3n estuvieron presentes las diputadas Laura Artemisa Garc\u00eda Ch\u00e1vez, Leonela Jazm\u00edn Mart\u00ednez Ayala, Ana Laura G\u00f3mez Ram\u00edrez, Araceli Celestino Rosas y Mar\u00eda Soledad Amieva Zamora.<\/p>\n","protected":false},"excerpt":{"rendered":"<p>Con el fin de garantizar el acceso seguro, inclusivo y efectivo de ni\u00f1as, ni\u00f1os y adolescentes con discapacidad, la Comisi\u00f3n de Educaci\u00f3n del Congreso aprob\u00f3 un punto de acuerdo para exhortar a la Secretar\u00eda de Educaci\u00f3n P\u00fablica a que, en el \u00e1mbito de su competencia, dise\u00f1e, supervise e implemente peri\u00f3dicamente programas de capacitaci\u00f3n dirigidos a [&hellip;]<\/p>\n","protected":false},"author":4,"featured_media":69018,"comment_status":"open","ping_status":"open","sticky":false,"template":"","format":"standard","meta":{"om_disable_all_campaigns":false,"_monsterinsights_skip_tracking":false,"_monsterinsights_sitenote_active":false,"_monsterinsights_sitenote_note":"","_monsterinsights_sitenote_category":0,"footnotes":""},"categories":[175],"tags":[227,223],"class_list":["post-69017","post","type-post","status-publish","format-standard","has-post-thumbnail","hentry","category-local","tag-congreso","tag-puebla"],"amp_enabled":true,"_links":{"self":[{"href":"https:\/\/lahora.mx\/index.php\/wp-json\/wp\/v2\/posts\/69017","targetHints":{"allow":["GET"]}}],"collection":[{"href":"https:\/\/lahora.mx\/index.php\/wp-json\/wp\/v2\/posts"}],"about":[{"href":"https:\/\/lahora.mx\/index.php\/wp-json\/wp\/v2\/types\/post"}],"author":[{"embeddable":true,"href":"https:\/\/lahora.mx\/index.php\/wp-json\/wp\/v2\/users\/4"}],"replies":[{"embeddable":true,"href":"https:\/\/lahora.mx\/index.php\/wp-json\/wp\/v2\/comments?post=69017"}],"version-history":[{"count":1,"href":"https:\/\/lahora.mx\/index.php\/wp-json\/wp\/v2\/posts\/69017\/revisions"}],"predecessor-version":[{"id":69019,"href":"https:\/\/lahora.mx\/index.php\/wp-json\/wp\/v2\/posts\/69017\/revisions\/69019"}],"wp:featuredmedia":[{"embeddable":true,"href":"https:\/\/lahora.mx\/index.php\/wp-json\/wp\/v2\/media\/69018"}],"wp:attachment":[{"href":"https:\/\/lahora.mx\/index.php\/wp-json\/wp\/v2\/media?parent=69017"}],"wp:term":[{"taxonomy":"category","embeddable":true,"href":"https:\/\/lahora.mx\/index.php\/wp-json\/wp\/v2\/categories?post=69017"},{"taxonomy":"post_tag","embeddable":true,"href":"https:\/\/lahora.mx\/index.php\/wp-json\/wp\/v2\/tags?post=69017"}],"curies":[{"name":"wp","href":"https:\/\/api.w.org\/{rel}","templated":true}]}}