{"id":69002,"date":"2025-09-27T14:53:26","date_gmt":"2025-09-27T14:53:26","guid":{"rendered":"https:\/\/lahora.mx\/?p=69002"},"modified":"2025-10-01T14:57:25","modified_gmt":"2025-10-01T14:57:25","slug":"urgente-fortalecer-prevencion-y-atencion-de-preeclampsia-y-eclampsia-celia-bonaga-ruiz","status":"publish","type":"post","link":"https:\/\/lahora.mx\/index.php\/2025\/09\/27\/urgente-fortalecer-prevencion-y-atencion-de-preeclampsia-y-eclampsia-celia-bonaga-ruiz\/","title":{"rendered":"Urgente fortalecer prevenci\u00f3n y atenci\u00f3n de preeclampsia y eclampsia: Celia Bonaga Ru\u00edz"},"content":{"rendered":"\n<p>En el Congreso del Estado, la diputada Celia Bonaga Ru\u00edz impulsa una iniciativa para reformar la Ley Estatal de Salud, con el prop\u00f3sito de establecer que la atenci\u00f3n de la preeclampsia y la eclampsia se realice de forma preventiva, desde el primer trimestre del embarazo.<\/p>\n\n\n\n<p>La legisladora considera que aun cuando la reforma a la Ley Estatal de Salud de 2021, ya establece la atenci\u00f3n de la preeclampsia y eclampsia de forma preventiva, peri\u00f3dica, sistem\u00e1tica y cl\u00ednica mediante la aplicaci\u00f3n de la prueba de control prenatal, es necesario ser m\u00e1s precisos e incluir la obligaci\u00f3n de practicar las pruebas prenatales desde el primer trimestre del embarazo.<\/p>\n\n\n\n<p>La iniciativa busca reforzar el marco normativo con la finalidad de que la Secretar\u00eda de Salud implemente protocolos, recursos y supervisi\u00f3n necesarios para que, en caso de detecci\u00f3n de estas enfermedades, la paciente se canalice de manera inmediata a instituciones de salud especializadas.<\/p>\n\n\n\n<p>Asimismo, la propuesta legislativa de la diputada Celia Bonaga pretende que la Secretar\u00eda de Salud implemente campa\u00f1as permanentes de concientizaci\u00f3n sobre estas condiciones, dirigidas particularmente a mujeres embarazadas.<\/p>\n\n\n\n<p>Puntualiz\u00f3 que la atenci\u00f3n preventiva y sistem\u00e1tica mejora los resultados cl\u00ednicos y reduce desigualdades en salud al llegar a poblaciones vulnerables. \u201cNo podemos permitir que la falta de prevenci\u00f3n o ausencia de concientizaci\u00f3n sigan cobrando vidas que pudieran salvarse\u201d.<\/p>\n\n\n\n<p>Finalmente, la diputada subray\u00f3 que \u201cbrindar a cada mujer embarazada la posibilidad de vivir su maternidad con tranquilidad y esperanza, y garantizar que cada ni\u00f1a o ni\u00f1o tengan la oportunidad de nacer, crecer y desarrollarse sanos, es una responsabilidad que nos convoca con urgencia y sensibilidad humana\u201d.<\/p>\n","protected":false},"excerpt":{"rendered":"<p>En el Congreso del Estado, la diputada Celia Bonaga Ru\u00edz impulsa una iniciativa para reformar la Ley Estatal de Salud, con el prop\u00f3sito de establecer que la atenci\u00f3n de la preeclampsia y la eclampsia se realice de forma preventiva, desde el primer trimestre del embarazo. La legisladora considera que aun cuando la reforma a la [&hellip;]<\/p>\n","protected":false},"author":4,"featured_media":69003,"comment_status":"open","ping_status":"open","sticky":false,"template":"","format":"standard","meta":{"om_disable_all_campaigns":false,"_monsterinsights_skip_tracking":false,"_monsterinsights_sitenote_active":false,"_monsterinsights_sitenote_note":"","_monsterinsights_sitenote_category":0,"footnotes":""},"categories":[175],"tags":[],"class_list":["post-69002","post","type-post","status-publish","format-standard","has-post-thumbnail","hentry","category-local"],"amp_enabled":true,"_links":{"self":[{"href":"https:\/\/lahora.mx\/index.php\/wp-json\/wp\/v2\/posts\/69002","targetHints":{"allow":["GET"]}}],"collection":[{"href":"https:\/\/lahora.mx\/index.php\/wp-json\/wp\/v2\/posts"}],"about":[{"href":"https:\/\/lahora.mx\/index.php\/wp-json\/wp\/v2\/types\/post"}],"author":[{"embeddable":true,"href":"https:\/\/lahora.mx\/index.php\/wp-json\/wp\/v2\/users\/4"}],"replies":[{"embeddable":true,"href":"https:\/\/lahora.mx\/index.php\/wp-json\/wp\/v2\/comments?post=69002"}],"version-history":[{"count":1,"href":"https:\/\/lahora.mx\/index.php\/wp-json\/wp\/v2\/posts\/69002\/revisions"}],"predecessor-version":[{"id":69005,"href":"https:\/\/lahora.mx\/index.php\/wp-json\/wp\/v2\/posts\/69002\/revisions\/69005"}],"wp:featuredmedia":[{"embeddable":true,"href":"https:\/\/lahora.mx\/index.php\/wp-json\/wp\/v2\/media\/69003"}],"wp:attachment":[{"href":"https:\/\/lahora.mx\/index.php\/wp-json\/wp\/v2\/media?parent=69002"}],"wp:term":[{"taxonomy":"category","embeddable":true,"href":"https:\/\/lahora.mx\/index.php\/wp-json\/wp\/v2\/categories?post=69002"},{"taxonomy":"post_tag","embeddable":true,"href":"https:\/\/lahora.mx\/index.php\/wp-json\/wp\/v2\/tags?post=69002"}],"curies":[{"name":"wp","href":"https:\/\/api.w.org\/{rel}","templated":true}]}}