{"id":68999,"date":"2025-09-28T14:51:34","date_gmt":"2025-09-28T14:51:34","guid":{"rendered":"https:\/\/lahora.mx\/?p=68999"},"modified":"2025-10-01T14:53:20","modified_gmt":"2025-10-01T14:53:20","slug":"aprueba-comision-del-congreso-exhorto-para-la-proteccion-de-personas-defensoras-de-derechos-humanos-y-periodistas","status":"publish","type":"post","link":"https:\/\/lahora.mx\/index.php\/2025\/09\/28\/aprueba-comision-del-congreso-exhorto-para-la-proteccion-de-personas-defensoras-de-derechos-humanos-y-periodistas\/","title":{"rendered":"Aprueba Comisi\u00f3n del Congreso exhorto para la protecci\u00f3n de personas defensoras de derechos humanos y periodistas"},"content":{"rendered":"\n<p>En sesi\u00f3n de la Comisi\u00f3n de Derechos Humanos del Congreso, se aprob\u00f3 un acuerdo para exhortar a la CDH a que, en coordinaci\u00f3n con la Secretar\u00eda de Gobernaci\u00f3n del Estado, elabore y difunda un protocolo de actuaci\u00f3n para la protecci\u00f3n de las personas defensoras de derechos humanos y periodistas, para la prevenci\u00f3n y atenci\u00f3n de conductas contra aquellos sectores y en apego al marco normativo nacional e internacional aplicable.<\/p>\n\n\n\n<p>Al respecto, la diputada promovente del acuerdo, Ang\u00e9lica Patricia Alvarado Ju\u00e1rez, detall\u00f3 que con el exhorto dirigido a la Comisi\u00f3n de Derechos Humanos del Estado de Puebla (CDH) se pretende sumar esfuerzos y defender las garant\u00edas de todas y todos, para que ninguna persona defensora o periodista se quede sin atenci\u00f3n, respuesta o protecci\u00f3n.<\/p>\n\n\n\n<p>Durante la sesi\u00f3n del \u00f3rgano colegiado estuvieron presentes los diputados Roberto Zatar\u00e1in Leal, Jos\u00e9 Miguel Trujillo de Ita y \u00d3scar Mauricio C\u00e9spedes Peregrina, as\u00ed como la diputada Ang\u00e9lica Patricia Alvarado Ju\u00e1rez.<\/p>\n\n\n\n<p>DESTACAN LABOR DE ORGANIZACI\u00d3N QUE APOYA A LA CIUDADAN\u00cdA EN MATERIA DE PROTECCI\u00d3N CIVIL Y SEGURIDAD VIAL<\/p>\n\n\n\n<p>Como parte de las actividades legislativas, sesion\u00f3 la Comisi\u00f3n de Organizaciones No Gubernamentales, donde la directora de Cinco Panes y Dos Peces A.C., Alicia Valdovinos Septi\u00e9n, detall\u00f3 su labor en la gesti\u00f3n de proyectos, apoyo y construcci\u00f3n de redes comunitarias para atender rubros de protecci\u00f3n civil y seguridad vial.<\/p>\n\n\n\n<p>Destac\u00f3 que, con la colaboraci\u00f3n de las comunidades, se capacita a l\u00edderes locales como promotores de prevenci\u00f3n de riesgos, para actuar ante una emergencia y ser brigadistas, por ejemplo, ante derrumbes.<\/p>\n\n\n\n<p>La diputada Celia Bonaga Ruiz, as\u00ed como los diputados Roberto Zatar\u00e1in Leal y Jos\u00e9 Miguel Trujillo de Ita reconocieron la labor de la asociaci\u00f3n civil en favor de las comunidades m\u00e1s vulnerables, a trav\u00e9s del Programa Enlaza M\u00e9xico.<\/p>\n\n\n\n<p>A la sesi\u00f3n acudieron las diputadas Celia Bonaga Ruiz y Cinthya Gabriela Chumacero Rodr\u00edguez, as\u00ed como los diputados Jos\u00e9 Miguel Trujillo de Ita y Roberto Zatar\u00e1in Leal, quienes entregaron un reconocimiento a la presidenta de la asociaci\u00f3n civil.<\/p>\n\n\n\n<p>PRESENTAN PROYECTO DE ATENCI\u00d3N A MENORES EN SITUACI\u00d3N DE MIGRACI\u00d3N<\/p>\n\n\n\n<p>Durante la Comisi\u00f3n de Migraci\u00f3n y Asuntos Internacionales, se present\u00f3 el proyecto denominado \u201cRuta de atenci\u00f3n integral de derechos de ni\u00f1as, ni\u00f1os y adolescentes en situaci\u00f3n de migraci\u00f3n\u201d, el cual est\u00e1 basado en est\u00e1ndares nacionales e internacionales, de acuerdo con los lineamientos, pol\u00edticas y acuerdos firmados por el Estado Mexicano.<\/p>\n\n\n\n<p>La presentaci\u00f3n estuvo a cargo de Gonzalo Prado \u00c1lvarez, Secretario Ejecutivo del Sistema de Protecci\u00f3n Integral de los Derechos de las Ni\u00f1as, Ni\u00f1os y Adolescentes del Estado de Puebla, quien explic\u00f3 que el objetivo de esta ruta es proteger, promover, respetar y garantizar los derechos de las y los menores migrantes.<\/p>\n\n\n\n<p>Al hacer uso de la palabra, la diputada Laura Guadalupe Vargas Vargas destac\u00f3 la labor que se realiza con esta ruta, pues \u201ces importante verlo con el enfoque de las diferentes infancias y sobre todo salvaguardando el inter\u00e9s superior de los derechos de las ni\u00f1as, ni\u00f1os y adolescentes en situaci\u00f3n de migraci\u00f3n\u201d.<\/p>\n\n\n\n<p>En la sesi\u00f3n estuvieron presentes las diputadas Araceli Celestino Rosas, Laura Guadalupe Vargas Vargas y Esther Mart\u00ednez Romano, as\u00ed como el diputado P\u00e1vel Gaspar Ram\u00edrez.<\/p>\n","protected":false},"excerpt":{"rendered":"<p>En sesi\u00f3n de la Comisi\u00f3n de Derechos Humanos del Congreso, se aprob\u00f3 un acuerdo para exhortar a la CDH a que, en coordinaci\u00f3n con la Secretar\u00eda de Gobernaci\u00f3n del Estado, elabore y difunda un protocolo de actuaci\u00f3n para la protecci\u00f3n de las personas defensoras de derechos humanos y periodistas, para la prevenci\u00f3n y atenci\u00f3n de [&hellip;]<\/p>\n","protected":false},"author":4,"featured_media":69000,"comment_status":"open","ping_status":"open","sticky":false,"template":"","format":"standard","meta":{"om_disable_all_campaigns":false,"_monsterinsights_skip_tracking":false,"_monsterinsights_sitenote_active":false,"_monsterinsights_sitenote_note":"","_monsterinsights_sitenote_category":0,"footnotes":""},"categories":[175],"tags":[227,223],"class_list":["post-68999","post","type-post","status-publish","format-standard","has-post-thumbnail","hentry","category-local","tag-congreso","tag-puebla"],"amp_enabled":true,"_links":{"self":[{"href":"https:\/\/lahora.mx\/index.php\/wp-json\/wp\/v2\/posts\/68999","targetHints":{"allow":["GET"]}}],"collection":[{"href":"https:\/\/lahora.mx\/index.php\/wp-json\/wp\/v2\/posts"}],"about":[{"href":"https:\/\/lahora.mx\/index.php\/wp-json\/wp\/v2\/types\/post"}],"author":[{"embeddable":true,"href":"https:\/\/lahora.mx\/index.php\/wp-json\/wp\/v2\/users\/4"}],"replies":[{"embeddable":true,"href":"https:\/\/lahora.mx\/index.php\/wp-json\/wp\/v2\/comments?post=68999"}],"version-history":[{"count":1,"href":"https:\/\/lahora.mx\/index.php\/wp-json\/wp\/v2\/posts\/68999\/revisions"}],"predecessor-version":[{"id":69001,"href":"https:\/\/lahora.mx\/index.php\/wp-json\/wp\/v2\/posts\/68999\/revisions\/69001"}],"wp:featuredmedia":[{"embeddable":true,"href":"https:\/\/lahora.mx\/index.php\/wp-json\/wp\/v2\/media\/69000"}],"wp:attachment":[{"href":"https:\/\/lahora.mx\/index.php\/wp-json\/wp\/v2\/media?parent=68999"}],"wp:term":[{"taxonomy":"category","embeddable":true,"href":"https:\/\/lahora.mx\/index.php\/wp-json\/wp\/v2\/categories?post=68999"},{"taxonomy":"post_tag","embeddable":true,"href":"https:\/\/lahora.mx\/index.php\/wp-json\/wp\/v2\/tags?post=68999"}],"curies":[{"name":"wp","href":"https:\/\/api.w.org\/{rel}","templated":true}]}}