{"id":68996,"date":"2025-09-29T14:45:37","date_gmt":"2025-09-29T14:45:37","guid":{"rendered":"https:\/\/lahora.mx\/?p=68996"},"modified":"2025-10-01T14:50:51","modified_gmt":"2025-10-01T14:50:51","slug":"comision-del-congreso-avala-propuesta-para-garantizar-vivienda-con-perspectiva-de-genero-y-no-discriminacion","status":"publish","type":"post","link":"https:\/\/lahora.mx\/index.php\/2025\/09\/29\/comision-del-congreso-avala-propuesta-para-garantizar-vivienda-con-perspectiva-de-genero-y-no-discriminacion\/","title":{"rendered":"Comisi\u00f3n del Congreso avala propuesta para garantizar vivienda con perspectiva de g\u00e9nero y no discriminaci\u00f3n"},"content":{"rendered":"\n<p>La Comisi\u00f3n de Vivienda del Congreso del Estado aprob\u00f3 el proyecto de dictamen para reformar la Ley de Vivienda para el Estado de Puebla, con la finalidad de incorporar como principios del ordenamiento legal, la igualdad, la perspectiva de g\u00e9nero y la no discriminaci\u00f3n.<\/p>\n\n\n\n<p>El proyecto de dictamen, realizado con la iniciativa de la diputada Nayeli Salvatori Bojalil, tambi\u00e9n establece promover oportunidades de acceso a la vivienda adecuada en favor de mujeres v\u00edctimas de violencia, as\u00ed como a sus hijas e hijos.<\/p>\n\n\n\n<p>De igual manera, se armoniza la denominaci\u00f3n de vivienda adecuada, en t\u00e9rminos de la Constituci\u00f3n Pol\u00edtica de los Estados Unidos Mexicanos.<\/p>\n\n\n\n<p>En su exposici\u00f3n, la diputada Floricel Gonz\u00e1lez M\u00e9ndez reconoci\u00f3 la visi\u00f3n sensible y comprometida de la diputada Nayeli Salvatori, para ofrecer seguridad y nuevas oportunidades a las mujeres que han sido v\u00edctimas de violencia, a trav\u00e9s de un marco legal m\u00e1s justo, m\u00e1s humano y m\u00e1s igualitario.<\/p>\n\n\n\n<p>\u201cNos comprometemos a dar pasos firmes para que la vivienda se convierta en una herramienta contra la violencia. Porque ninguna mujer, ninguna ni\u00f1a debe volver a sufrir violencia por no tener un hogar seguro\u201d, afirm\u00f3 la legisladora.<\/p>\n\n\n\n<p>De igual manera, la diputada Xel Arianna Hern\u00e1ndez Garc\u00eda celebr\u00f3 este tipo de iniciativas para fortalecer los esfuerzos de todas las mujeres que trabajan fuerte para dar un mejor patrimonio a sus familias.<\/p>\n\n\n\n<p>COMISI\u00d3N DE COMUNICACIONES E INFRAESTRUCTURA A FAVOR DEL CUIDADO DEL AGUA<\/p>\n\n\n\n<p>Por otra parte, la Comisi\u00f3n de Comunicaciones e Infraestructura de la LXII Legislatura recibi\u00f3 a Jos\u00e9 Luis D\u00edaz Dur\u00e1n, director de proyectos de la Comisi\u00f3n Estatal de Agua y Saneamiento del Estado de Puebla (Ceaspue), quien abord\u00f3 el tema relacionado con la Cultura del Agua.<\/p>\n\n\n\n<p>Durante su ponencia, el director del Ceaspue dio a conocer que trabajan coordinadamente con autoridades educativas para fomentar el cuidado del agua en Puebla, con la finalidad de concientizar a las nuevas generaciones sobre la importancia de preservar el recurso h\u00eddrico, a trav\u00e9s de cursos, talleres de capacitaci\u00f3n y material did\u00e1ctico.<\/p>\n\n\n\n<p>As\u00ed como la creaci\u00f3n de Espacios de Cultura del Agua en los 217 municipios, donde se llevan a cabo reuniones de trabajo, as\u00ed como planeaci\u00f3n de eventos y difusi\u00f3n de la cultura del agua.<\/p>\n\n\n\n<p>Durante la sesi\u00f3n del \u00f3rgano colegiado, la diputada Norma Estela Pimentel se\u00f1al\u00f3 la relevancia de sumar esfuerzos para fortalecer acciones en el cuidado del agua.<\/p>\n\n\n\n<p>Asimismo, la diputada Fedrha Isabel Suriano Corrales reconoci\u00f3 el gran esfuerzo por parte de la Comisi\u00f3n Estatal de Agua y Saneamiento de Puebla para poder llegar a todo el estado con el objeto de concientizar sobre la cultura del agua. Mencion\u00f3 tambi\u00e9n que se llevar\u00e1 a cabo el an\u00e1lisis del presupuesto para mayor difusi\u00f3n con la finalidad de prevenir problem\u00e1ticas futuras.<\/p>\n\n\n\n<p>Por su parte, los diputados Oscar Mauricio C\u00e9spedes Peregrina y Jaime Alejandro Aurioles Barroeta refrendaron su compromiso para unir esfuerzos a favor de estas pr\u00e1cticas y actividades a favor del cuidado del agua.<\/p>\n\n\n\n<p>En la sesi\u00f3n estuvieron presentes las diputadas Fedrha Isabel Suriano Corrales y Norma Estela Pimentel, as\u00ed como los diputados Oscar Mauricio C\u00e9spedes Peregrina, Andr\u00e9s Iv\u00e1n Villegas Mendoza, Roberto Zatar\u00e1in Leal, Jaime Alejandro Aurioles Barroeta y Marcos Castro Mart\u00ednez.<\/p>\n","protected":false},"excerpt":{"rendered":"<p>La Comisi\u00f3n de Vivienda del Congreso del Estado aprob\u00f3 el proyecto de dictamen para reformar la Ley de Vivienda para el Estado de Puebla, con la finalidad de incorporar como principios del ordenamiento legal, la igualdad, la perspectiva de g\u00e9nero y la no discriminaci\u00f3n. El proyecto de dictamen, realizado con la iniciativa de la diputada [&hellip;]<\/p>\n","protected":false},"author":4,"featured_media":68997,"comment_status":"open","ping_status":"open","sticky":false,"template":"","format":"standard","meta":{"om_disable_all_campaigns":false,"_monsterinsights_skip_tracking":false,"_monsterinsights_sitenote_active":false,"_monsterinsights_sitenote_note":"","_monsterinsights_sitenote_category":0,"footnotes":""},"categories":[175],"tags":[227,223],"class_list":["post-68996","post","type-post","status-publish","format-standard","has-post-thumbnail","hentry","category-local","tag-congreso","tag-puebla"],"amp_enabled":true,"_links":{"self":[{"href":"https:\/\/lahora.mx\/index.php\/wp-json\/wp\/v2\/posts\/68996","targetHints":{"allow":["GET"]}}],"collection":[{"href":"https:\/\/lahora.mx\/index.php\/wp-json\/wp\/v2\/posts"}],"about":[{"href":"https:\/\/lahora.mx\/index.php\/wp-json\/wp\/v2\/types\/post"}],"author":[{"embeddable":true,"href":"https:\/\/lahora.mx\/index.php\/wp-json\/wp\/v2\/users\/4"}],"replies":[{"embeddable":true,"href":"https:\/\/lahora.mx\/index.php\/wp-json\/wp\/v2\/comments?post=68996"}],"version-history":[{"count":1,"href":"https:\/\/lahora.mx\/index.php\/wp-json\/wp\/v2\/posts\/68996\/revisions"}],"predecessor-version":[{"id":68998,"href":"https:\/\/lahora.mx\/index.php\/wp-json\/wp\/v2\/posts\/68996\/revisions\/68998"}],"wp:featuredmedia":[{"embeddable":true,"href":"https:\/\/lahora.mx\/index.php\/wp-json\/wp\/v2\/media\/68997"}],"wp:attachment":[{"href":"https:\/\/lahora.mx\/index.php\/wp-json\/wp\/v2\/media?parent=68996"}],"wp:term":[{"taxonomy":"category","embeddable":true,"href":"https:\/\/lahora.mx\/index.php\/wp-json\/wp\/v2\/categories?post=68996"},{"taxonomy":"post_tag","embeddable":true,"href":"https:\/\/lahora.mx\/index.php\/wp-json\/wp\/v2\/tags?post=68996"}],"curies":[{"name":"wp","href":"https:\/\/api.w.org\/{rel}","templated":true}]}}