{"id":68980,"date":"2025-10-01T03:27:24","date_gmt":"2025-10-01T03:27:24","guid":{"rendered":"https:\/\/lahora.mx\/?p=68980"},"modified":"2025-10-01T03:27:24","modified_gmt":"2025-10-01T03:27:24","slug":"puebla-cae-18-7-en-exportaciones-y-se-rezaga-frente-a-lideres-nacionales","status":"publish","type":"post","link":"https:\/\/lahora.mx\/index.php\/2025\/10\/01\/puebla-cae-18-7-en-exportaciones-y-se-rezaga-frente-a-lideres-nacionales\/","title":{"rendered":"Puebla cae 18.7% en exportaciones y se rezaga frente a l\u00edderes nacionales"},"content":{"rendered":"\n<p>Mientras varios estados del pa\u00eds lograron cerrar el segundo trimestre de 2025 con crecimiento en sus ventas al exterior, Puebla experiment\u00f3 un retroceso significativo que la dej\u00f3 fuera de los primeros lugares del ranking nacional.<\/p>\n\n\n\n<p>De acuerdo con cifras del INEGI, la entidad poblana export\u00f3 4 mil 47 millones de d\u00f3lares entre abril y junio, lo que represent\u00f3 una ca\u00edda de 18.7 por ciento en comparaci\u00f3n anual. Con este resultado, Puebla aport\u00f3 apenas el 2.8 por ciento del total nacional y se coloc\u00f3 en la posici\u00f3n n\u00famero 12.<br>El contraste es marcado con entidades l\u00edderes como Chihuahua, que report\u00f3 26 mil 230.5 millones de d\u00f3lares y un repunte de 43.2 por ciento, seguido de Coahuila y Nuevo Le\u00f3n, que en conjunto concentraron casi 40 por ciento de las exportaciones del pa\u00eds.<\/p>\n\n\n\n<p>Otros estados mostraron resultados m\u00e1s favorables: Jalisco alcanz\u00f3 10 mil 249.5 millones con un alza de 40.9 por ciento; Quer\u00e9taro sum\u00f3 4 mil 656.1 millones con una baja menor de 2.8 por ciento; mientras que Zacatecas y Michoac\u00e1n crecieron 37.1 y 23.3 por ciento, respectivamente. A nivel nacional, las exportaciones llegaron a 146 mil 933.5 millones de d\u00f3lares, un incremento de 5.2 por ciento frente al mismo trimestre de 2024, lo que dej\u00f3 en evidencia la p\u00e9rdida de terreno de Puebla frente a sus competidores regionales y emergentes.<\/p>\n","protected":false},"excerpt":{"rendered":"<p>Mientras varios estados del pa\u00eds lograron cerrar el segundo trimestre de 2025 con crecimiento en sus ventas al exterior, Puebla experiment\u00f3 un retroceso significativo que la dej\u00f3 fuera de los primeros lugares del ranking nacional. De acuerdo con cifras del INEGI, la entidad poblana export\u00f3 4 mil 47 millones de d\u00f3lares entre abril y junio, [&hellip;]<\/p>\n","protected":false},"author":4,"featured_media":68981,"comment_status":"open","ping_status":"open","sticky":false,"template":"","format":"standard","meta":{"om_disable_all_campaigns":false,"_monsterinsights_skip_tracking":false,"_monsterinsights_sitenote_active":false,"_monsterinsights_sitenote_note":"","_monsterinsights_sitenote_category":0,"footnotes":""},"categories":[2],"tags":[],"class_list":["post-68980","post","type-post","status-publish","format-standard","has-post-thumbnail","hentry","category-negocios"],"amp_enabled":true,"_links":{"self":[{"href":"https:\/\/lahora.mx\/index.php\/wp-json\/wp\/v2\/posts\/68980","targetHints":{"allow":["GET"]}}],"collection":[{"href":"https:\/\/lahora.mx\/index.php\/wp-json\/wp\/v2\/posts"}],"about":[{"href":"https:\/\/lahora.mx\/index.php\/wp-json\/wp\/v2\/types\/post"}],"author":[{"embeddable":true,"href":"https:\/\/lahora.mx\/index.php\/wp-json\/wp\/v2\/users\/4"}],"replies":[{"embeddable":true,"href":"https:\/\/lahora.mx\/index.php\/wp-json\/wp\/v2\/comments?post=68980"}],"version-history":[{"count":1,"href":"https:\/\/lahora.mx\/index.php\/wp-json\/wp\/v2\/posts\/68980\/revisions"}],"predecessor-version":[{"id":68982,"href":"https:\/\/lahora.mx\/index.php\/wp-json\/wp\/v2\/posts\/68980\/revisions\/68982"}],"wp:featuredmedia":[{"embeddable":true,"href":"https:\/\/lahora.mx\/index.php\/wp-json\/wp\/v2\/media\/68981"}],"wp:attachment":[{"href":"https:\/\/lahora.mx\/index.php\/wp-json\/wp\/v2\/media?parent=68980"}],"wp:term":[{"taxonomy":"category","embeddable":true,"href":"https:\/\/lahora.mx\/index.php\/wp-json\/wp\/v2\/categories?post=68980"},{"taxonomy":"post_tag","embeddable":true,"href":"https:\/\/lahora.mx\/index.php\/wp-json\/wp\/v2\/tags?post=68980"}],"curies":[{"name":"wp","href":"https:\/\/api.w.org\/{rel}","templated":true}]}}