{"id":68977,"date":"2025-10-01T03:19:06","date_gmt":"2025-10-01T03:19:06","guid":{"rendered":"https:\/\/lahora.mx\/?p=68977"},"modified":"2025-10-01T03:19:06","modified_gmt":"2025-10-01T03:19:06","slug":"poder-judicial-de-puebla-destaca-el-inicio-de-59-mil-juicios-y-41-mil-sentencias","status":"publish","type":"post","link":"https:\/\/lahora.mx\/index.php\/2025\/10\/01\/poder-judicial-de-puebla-destaca-el-inicio-de-59-mil-juicios-y-41-mil-sentencias\/","title":{"rendered":"Poder Judicial de Puebla destaca el inicio de 59 mil juicios y 41 mil sentencias"},"content":{"rendered":"\n<p>Titulares de los tres Poderes del Estado refrendaron el trabajo coordinado a favor de Puebla, con la finalidad de contar con una entidad m\u00e1s justa e incluyente, lo anterior se desprendi\u00f3 en la presentaci\u00f3n de la Memoria Anual de Actividades 2024-2025 del Poder Judicial.<\/p>\n\n\n\n<p>Dicha situaci\u00f3n fue establecida por el presidente del Consejo de la Judicatura del Poder Judicial del Estado de Puebla, Jos\u00e9 Eduardo Hern\u00e1ndez S\u00e1nchez, durante la presentaci\u00f3n de la misma ante el Congreso del Estado de Puebla.<br><br>\u201cEntre los logros que podemos destacar est\u00e1n el inicio de 59 mil juicios, 41 mil sentencias, la creaci\u00f3n del nuevo Distrito Judicial de Acatzingo, la participaci\u00f3n en el desarrollo de las Casas Carmen Serd\u00e1n, estas dos \u00faltimas iniciativas del gobernador Alejandro Armenta Mier\u201d, declar\u00f3 Jos\u00e9 Eduardo Hern\u00e1ndez.<\/p>\n\n\n\n<p>Aprovech\u00f3 para otorgar a la diputada local, Laura Artemisa Garc\u00eda Ch\u00e1vez, el documento correspondiente a la memoria anual del Poder Judicial, \u201cdonde estamos indicando que este a\u00f1o se registr\u00f3 un aumento del 30 por ciento en el n\u00famero de juicios\u201d.<\/p>\n\n\n\n<p>Agreg\u00f3 que el Tribunal de Justicia Administrativa realiz\u00f3 m\u00e1s de 180 sesiones, emiti\u00f3 11 mil 250 acuerdos y dict\u00f3 700 sentencias definitivas, \u201ctambi\u00e9n recibimos m\u00e1s de nueve mil 300 promociones y 545 demandas en materia de juicio contencioso administrativo\u201d.<\/p>\n\n\n\n<p>Durante su intervenci\u00f3n, el gobernador de Puebla, Alejandro Armenta Mier, resalt\u00f3 el trabajo realizado por los Poderes Judicial y Legislativo; adem\u00e1s, destac\u00f3 el sentido patri\u00f3tico y democr\u00e1tico que implica la rendici\u00f3n de cuentas y mantener una vinculaci\u00f3n con la ciudadan\u00eda, con un sentido de sensibilidad.<\/p>\n\n\n\n<p>\u201cLa correlaci\u00f3n de los Poderes le sirve a la poblaci\u00f3n cuando cada uno cumple con sus obligaciones y en esa l\u00f3gica, para el Ejecutivo del Estado es inherente el respeto pleno a las facultades del Poder Legislativo y del Poder Judicial. En ese contexto quiero compartir que este a\u00f1o hemos trabajado con el Poder Judicial de manera extraordinaria, absolutamente institucional y en ese sentido lo seguiremos haciendo y con el Poder Legislativo, igual, porque entendemos y compartimos la necesidad de fortalecer la pluralidad de las propias instituciones\u201d, concluy\u00f3.<\/p>\n","protected":false},"excerpt":{"rendered":"<p>Titulares de los tres Poderes del Estado refrendaron el trabajo coordinado a favor de Puebla, con la finalidad de contar con una entidad m\u00e1s justa e incluyente, lo anterior se desprendi\u00f3 en la presentaci\u00f3n de la Memoria Anual de Actividades 2024-2025 del Poder Judicial. Dicha situaci\u00f3n fue establecida por el presidente del Consejo de la [&hellip;]<\/p>\n","protected":false},"author":4,"featured_media":68978,"comment_status":"open","ping_status":"open","sticky":false,"template":"","format":"standard","meta":{"om_disable_all_campaigns":false,"_monsterinsights_skip_tracking":false,"_monsterinsights_sitenote_active":false,"_monsterinsights_sitenote_note":"","_monsterinsights_sitenote_category":0,"footnotes":""},"categories":[175,226],"tags":[],"class_list":["post-68977","post","type-post","status-publish","format-standard","has-post-thumbnail","hentry","category-local","category-policia"],"amp_enabled":true,"_links":{"self":[{"href":"https:\/\/lahora.mx\/index.php\/wp-json\/wp\/v2\/posts\/68977","targetHints":{"allow":["GET"]}}],"collection":[{"href":"https:\/\/lahora.mx\/index.php\/wp-json\/wp\/v2\/posts"}],"about":[{"href":"https:\/\/lahora.mx\/index.php\/wp-json\/wp\/v2\/types\/post"}],"author":[{"embeddable":true,"href":"https:\/\/lahora.mx\/index.php\/wp-json\/wp\/v2\/users\/4"}],"replies":[{"embeddable":true,"href":"https:\/\/lahora.mx\/index.php\/wp-json\/wp\/v2\/comments?post=68977"}],"version-history":[{"count":1,"href":"https:\/\/lahora.mx\/index.php\/wp-json\/wp\/v2\/posts\/68977\/revisions"}],"predecessor-version":[{"id":68979,"href":"https:\/\/lahora.mx\/index.php\/wp-json\/wp\/v2\/posts\/68977\/revisions\/68979"}],"wp:featuredmedia":[{"embeddable":true,"href":"https:\/\/lahora.mx\/index.php\/wp-json\/wp\/v2\/media\/68978"}],"wp:attachment":[{"href":"https:\/\/lahora.mx\/index.php\/wp-json\/wp\/v2\/media?parent=68977"}],"wp:term":[{"taxonomy":"category","embeddable":true,"href":"https:\/\/lahora.mx\/index.php\/wp-json\/wp\/v2\/categories?post=68977"},{"taxonomy":"post_tag","embeddable":true,"href":"https:\/\/lahora.mx\/index.php\/wp-json\/wp\/v2\/tags?post=68977"}],"curies":[{"name":"wp","href":"https:\/\/api.w.org\/{rel}","templated":true}]}}