{"id":68974,"date":"2025-10-01T03:15:54","date_gmt":"2025-10-01T03:15:54","guid":{"rendered":"https:\/\/lahora.mx\/?p=68974"},"modified":"2025-10-01T03:15:58","modified_gmt":"2025-10-01T03:15:58","slug":"armenta-confirma-investigacion-de-fge-por-venta-de-menores-en-el-dif","status":"publish","type":"post","link":"https:\/\/lahora.mx\/index.php\/2025\/10\/01\/armenta-confirma-investigacion-de-fge-por-venta-de-menores-en-el-dif\/","title":{"rendered":"Armenta confirma investigaci\u00f3n de FGE por venta de menores en el DIF"},"content":{"rendered":"\n<p>El gobernador de Puebla, Alejandro Armenta Mier, confirm\u00f3 que la Fiscal\u00eda General del Estado (FGE) se encarga de investigar la presunta venta de menores de edad a trav\u00e9s del Sistema para el Desarrollo Integral de la Familia (DIF) Estatal en anteriores administraciones.<\/p>\n\n\n\n<p>Durante la conferencia de este martes, el mandatario estatal fue cuestionado acerca de la situaci\u00f3n que aguarda este proceso, a lo que respondi\u00f3 que su gobierno no proteger\u00e1 ni perseguir\u00e1 nadie sin importar de quien se trate.<br><br>Indic\u00f3 que si alguien hace cosas irregulares o comete alg\u00fan tipo de extorsi\u00f3n, a\u00fan cuando est\u00e1 disfrazado de otra actividad, no es un tema que le corresponda al Poder Ejecutivo, sino a las autoridades competentes en la materia.<\/p>\n\n\n\n<p>\u201cEl gobierno no es Ministerio P\u00fablico ni es Juez. El gobierno tiene tareas ejecutivas, entonces, quien violente la ley se somete al escrutinio de la ley, nada m\u00e1s\u201d, sentenci\u00f3.<\/p>\n\n\n\n<p>En ese sentido, si es que existen denuncias ante la Fiscal\u00eda, en el marco de su autonom\u00eda, deber\u00e1 de realizar las investigaciones y procesos que le correspondan, sin presiones por parte del Estado.<\/p>\n\n\n\n<p>Armenta Mier coment\u00f3 que en algunos casos, cuando tuvo conocimiento de la liberaci\u00f3n de una orden de desalojo a una comunidad campesina, \u00fanicamente manifest\u00f3 su rechazo, sin ning\u00fan otro tipo de injerencia.<\/p>\n\n\n\n<p>La denuncia por comercializaci\u00f3n de infantes se hizo durante la administraci\u00f3n estatal de Luis Miguel Barbosa Huerta, quien durante su transici\u00f3n gubernamental, afirm\u00f3 la detecci\u00f3n de este il\u00edcito.<\/p>\n\n\n\n<p>Dichos casos, supuestamente fueron documentados, y en su momento, asegur\u00f3 que se reunir\u00edan las pruebas correspondientes con las que confirmar\u00edan que se estaba realizando esta operaci\u00f3n.<\/p>\n","protected":false},"excerpt":{"rendered":"<p>El gobernador de Puebla, Alejandro Armenta Mier, confirm\u00f3 que la Fiscal\u00eda General del Estado (FGE) se encarga de investigar la presunta venta de menores de edad a trav\u00e9s del Sistema para el Desarrollo Integral de la Familia (DIF) Estatal en anteriores administraciones. Durante la conferencia de este martes, el mandatario estatal fue cuestionado acerca de [&hellip;]<\/p>\n","protected":false},"author":4,"featured_media":68975,"comment_status":"open","ping_status":"open","sticky":false,"template":"","format":"standard","meta":{"om_disable_all_campaigns":false,"_monsterinsights_skip_tracking":false,"_monsterinsights_sitenote_active":false,"_monsterinsights_sitenote_note":"","_monsterinsights_sitenote_category":0,"footnotes":""},"categories":[175],"tags":[],"class_list":["post-68974","post","type-post","status-publish","format-standard","has-post-thumbnail","hentry","category-local"],"amp_enabled":true,"_links":{"self":[{"href":"https:\/\/lahora.mx\/index.php\/wp-json\/wp\/v2\/posts\/68974","targetHints":{"allow":["GET"]}}],"collection":[{"href":"https:\/\/lahora.mx\/index.php\/wp-json\/wp\/v2\/posts"}],"about":[{"href":"https:\/\/lahora.mx\/index.php\/wp-json\/wp\/v2\/types\/post"}],"author":[{"embeddable":true,"href":"https:\/\/lahora.mx\/index.php\/wp-json\/wp\/v2\/users\/4"}],"replies":[{"embeddable":true,"href":"https:\/\/lahora.mx\/index.php\/wp-json\/wp\/v2\/comments?post=68974"}],"version-history":[{"count":1,"href":"https:\/\/lahora.mx\/index.php\/wp-json\/wp\/v2\/posts\/68974\/revisions"}],"predecessor-version":[{"id":68976,"href":"https:\/\/lahora.mx\/index.php\/wp-json\/wp\/v2\/posts\/68974\/revisions\/68976"}],"wp:featuredmedia":[{"embeddable":true,"href":"https:\/\/lahora.mx\/index.php\/wp-json\/wp\/v2\/media\/68975"}],"wp:attachment":[{"href":"https:\/\/lahora.mx\/index.php\/wp-json\/wp\/v2\/media?parent=68974"}],"wp:term":[{"taxonomy":"category","embeddable":true,"href":"https:\/\/lahora.mx\/index.php\/wp-json\/wp\/v2\/categories?post=68974"},{"taxonomy":"post_tag","embeddable":true,"href":"https:\/\/lahora.mx\/index.php\/wp-json\/wp\/v2\/tags?post=68974"}],"curies":[{"name":"wp","href":"https:\/\/api.w.org\/{rel}","templated":true}]}}