{"id":68971,"date":"2025-09-30T21:30:40","date_gmt":"2025-09-30T21:30:40","guid":{"rendered":"https:\/\/lahora.mx\/?p=68971"},"modified":"2025-09-30T21:30:41","modified_gmt":"2025-09-30T21:30:41","slug":"la-rectora-lilia-cedillo-ramirez-da-a-conocer-los-primeros-nombramientos-del-nuevo-periodo-rectoral","status":"publish","type":"post","link":"https:\/\/lahora.mx\/index.php\/2025\/09\/30\/la-rectora-lilia-cedillo-ramirez-da-a-conocer-los-primeros-nombramientos-del-nuevo-periodo-rectoral\/","title":{"rendered":"La Rectora Lilia Cedillo Ram\u00edrez da a conocer los primeros nombramientos del nuevo periodo rectoral"},"content":{"rendered":"\n<p>A cuatro d\u00edas de presentar su Cuarto Informe de Labores y rendir protesta para el periodo 2025-2029, la Rectora Mar\u00eda Lilia Cedillo Ram\u00edrez dio a conocer cambios y nombramientos que entran en vigor a partir de este martes 30 de septiembre.<\/p>\n\n\n\n<p>La Coordinaci\u00f3n General de Participaci\u00f3n y Desarrollo Estudiantil, cuyo titular es el maestro Jorge Avelino Sol\u00eds, sustituir\u00e1 a la Coordinaci\u00f3n General de Atenci\u00f3n a los Universitarios (CGAU). La nueva dependencia estar\u00e1 conformada por la Direcci\u00f3n de Atenci\u00f3n Estudiantil, a cargo del maestro Rodrigo Iv\u00e1n Aguilar Enr\u00edquez, de la cual derivan las subdirecciones de Becas y de Atenci\u00f3n Estudiantil, cuyas responsables son las maestras Pilar Torres Flores y Nayeli Cano Santes.<\/p>\n\n\n\n<p>Asimismo, la Rectora Lilia Cedillo anunci\u00f3 el nombramiento del maestro Dami\u00e1n Hern\u00e1ndez M\u00e9ndez como nuevo secretario General de la BUAP, y del maestro Jos\u00e9 Manuel Alonso Orozco como secretario T\u00e9cnico de la Rector\u00eda.<\/p>\n","protected":false},"excerpt":{"rendered":"<p>A cuatro d\u00edas de presentar su Cuarto Informe de Labores y rendir protesta para el periodo 2025-2029, la Rectora Mar\u00eda Lilia Cedillo Ram\u00edrez dio a conocer cambios y nombramientos que entran en vigor a partir de este martes 30 de septiembre. La Coordinaci\u00f3n General de Participaci\u00f3n y Desarrollo Estudiantil, cuyo titular es el maestro Jorge [&hellip;]<\/p>\n","protected":false},"author":4,"featured_media":68972,"comment_status":"open","ping_status":"open","sticky":false,"template":"","format":"standard","meta":{"om_disable_all_campaigns":false,"_monsterinsights_skip_tracking":false,"_monsterinsights_sitenote_active":false,"_monsterinsights_sitenote_note":"","_monsterinsights_sitenote_category":0,"footnotes":""},"categories":[175],"tags":[186,195,223],"class_list":["post-68971","post","type-post","status-publish","format-standard","has-post-thumbnail","hentry","category-local","tag-buap","tag-principal","tag-puebla"],"amp_enabled":true,"_links":{"self":[{"href":"https:\/\/lahora.mx\/index.php\/wp-json\/wp\/v2\/posts\/68971","targetHints":{"allow":["GET"]}}],"collection":[{"href":"https:\/\/lahora.mx\/index.php\/wp-json\/wp\/v2\/posts"}],"about":[{"href":"https:\/\/lahora.mx\/index.php\/wp-json\/wp\/v2\/types\/post"}],"author":[{"embeddable":true,"href":"https:\/\/lahora.mx\/index.php\/wp-json\/wp\/v2\/users\/4"}],"replies":[{"embeddable":true,"href":"https:\/\/lahora.mx\/index.php\/wp-json\/wp\/v2\/comments?post=68971"}],"version-history":[{"count":1,"href":"https:\/\/lahora.mx\/index.php\/wp-json\/wp\/v2\/posts\/68971\/revisions"}],"predecessor-version":[{"id":68973,"href":"https:\/\/lahora.mx\/index.php\/wp-json\/wp\/v2\/posts\/68971\/revisions\/68973"}],"wp:featuredmedia":[{"embeddable":true,"href":"https:\/\/lahora.mx\/index.php\/wp-json\/wp\/v2\/media\/68972"}],"wp:attachment":[{"href":"https:\/\/lahora.mx\/index.php\/wp-json\/wp\/v2\/media?parent=68971"}],"wp:term":[{"taxonomy":"category","embeddable":true,"href":"https:\/\/lahora.mx\/index.php\/wp-json\/wp\/v2\/categories?post=68971"},{"taxonomy":"post_tag","embeddable":true,"href":"https:\/\/lahora.mx\/index.php\/wp-json\/wp\/v2\/tags?post=68971"}],"curies":[{"name":"wp","href":"https:\/\/api.w.org\/{rel}","templated":true}]}}