{"id":68968,"date":"2025-09-30T19:00:51","date_gmt":"2025-09-30T19:00:51","guid":{"rendered":"https:\/\/lahora.mx\/?p=68968"},"modified":"2025-09-30T19:00:52","modified_gmt":"2025-09-30T19:00:52","slug":"firman-gobierno-de-la-ciudad-y-fofomi-convenio-para-fortalecer-negocios-locales-en-la-capital","status":"publish","type":"post","link":"https:\/\/lahora.mx\/index.php\/2025\/09\/30\/firman-gobierno-de-la-ciudad-y-fofomi-convenio-para-fortalecer-negocios-locales-en-la-capital\/","title":{"rendered":"Firman Gobierno de la Ciudad y FOFOMI convenio para fortalecer negocios locales en la capital"},"content":{"rendered":"\n<p>Con el prop\u00f3sito de fortalecer el entorno econ\u00f3mico en la capital, el Gobierno de la Ciudad, a trav\u00e9s de la Secretar\u00eda de Bienestar y Participaci\u00f3n Ciudadana llev\u00f3 a cabo la firma de convenio de colaboraci\u00f3n con el Fondo de Fortalecimiento de la Microempresa (FOFOMI), perteneciente a la Secretar\u00eda de Desarrollo Econ\u00f3mico y Trabajo del Gobierno del Estado de Puebla para impulsar programas de capacitaci\u00f3n, asesor\u00eda t\u00e9cnica y acompa\u00f1amiento integral dirigidos a micro, peque\u00f1as y medianas empresas (MIPYMES).<\/p>\n\n\n\n<p>Mediante este acuerdo, se busca impulsar programas de capacitaci\u00f3n, asesor\u00eda t\u00e9cnica y acompa\u00f1amiento integral dirigidos para emprendedores, comerciantes, artesanos y empresarios de todos los sectores econ\u00f3micos que operen en la capital poblana y que busquen consolidar sus proyectos productivos.<br><br>Entre los objetivos de esta colaboraci\u00f3n destacan: fortalecer las capacidades gerenciales, financieras y comerciales de las MIPYMES y promover la formalizaci\u00f3n y digitalizaci\u00f3n de los negocios locales, entre otros para mejorar su competitividad, sostenibilidad y capacidad de innovaci\u00f3n en un entorno econ\u00f3mico din\u00e1mico.<\/p>\n\n\n\n<p>Se invita a la ciudadan\u00eda estar atenta a los medios de comunicaci\u00f3n oficiales para conocer las convocatorias, fechas y modalidades de los programas derivados de este convenio.<\/p>\n\n\n\n<p>Con estas acciones, el Gobierno de la Ciudad, encabezado por el presidente municipal Pepe Chedraui Budib, reafirma su compromiso de promover alianzas que permitan la construcci\u00f3n de una econom\u00eda m\u00e1s inclusiva, resiliente y centrada en emprendedoras y emprendedores poblanos.<\/p>\n","protected":false},"excerpt":{"rendered":"<p>Con el prop\u00f3sito de fortalecer el entorno econ\u00f3mico en la capital, el Gobierno de la Ciudad, a trav\u00e9s de la Secretar\u00eda de Bienestar y Participaci\u00f3n Ciudadana llev\u00f3 a cabo la firma de convenio de colaboraci\u00f3n con el Fondo de Fortalecimiento de la Microempresa (FOFOMI), perteneciente a la Secretar\u00eda de Desarrollo Econ\u00f3mico y Trabajo del Gobierno [&hellip;]<\/p>\n","protected":false},"author":4,"featured_media":68969,"comment_status":"open","ping_status":"open","sticky":false,"template":"","format":"standard","meta":{"om_disable_all_campaigns":false,"_monsterinsights_skip_tracking":false,"_monsterinsights_sitenote_active":false,"_monsterinsights_sitenote_note":"","_monsterinsights_sitenote_category":0,"footnotes":""},"categories":[176],"tags":[239,195,223],"class_list":["post-68968","post","type-post","status-publish","format-standard","has-post-thumbnail","hentry","category-nacional","tag-gobierno","tag-principal","tag-puebla"],"amp_enabled":true,"_links":{"self":[{"href":"https:\/\/lahora.mx\/index.php\/wp-json\/wp\/v2\/posts\/68968","targetHints":{"allow":["GET"]}}],"collection":[{"href":"https:\/\/lahora.mx\/index.php\/wp-json\/wp\/v2\/posts"}],"about":[{"href":"https:\/\/lahora.mx\/index.php\/wp-json\/wp\/v2\/types\/post"}],"author":[{"embeddable":true,"href":"https:\/\/lahora.mx\/index.php\/wp-json\/wp\/v2\/users\/4"}],"replies":[{"embeddable":true,"href":"https:\/\/lahora.mx\/index.php\/wp-json\/wp\/v2\/comments?post=68968"}],"version-history":[{"count":1,"href":"https:\/\/lahora.mx\/index.php\/wp-json\/wp\/v2\/posts\/68968\/revisions"}],"predecessor-version":[{"id":68970,"href":"https:\/\/lahora.mx\/index.php\/wp-json\/wp\/v2\/posts\/68968\/revisions\/68970"}],"wp:featuredmedia":[{"embeddable":true,"href":"https:\/\/lahora.mx\/index.php\/wp-json\/wp\/v2\/media\/68969"}],"wp:attachment":[{"href":"https:\/\/lahora.mx\/index.php\/wp-json\/wp\/v2\/media?parent=68968"}],"wp:term":[{"taxonomy":"category","embeddable":true,"href":"https:\/\/lahora.mx\/index.php\/wp-json\/wp\/v2\/categories?post=68968"},{"taxonomy":"post_tag","embeddable":true,"href":"https:\/\/lahora.mx\/index.php\/wp-json\/wp\/v2\/tags?post=68968"}],"curies":[{"name":"wp","href":"https:\/\/api.w.org\/{rel}","templated":true}]}}