{"id":68965,"date":"2025-09-30T18:59:00","date_gmt":"2025-09-30T18:59:00","guid":{"rendered":"https:\/\/lahora.mx\/?p=68965"},"modified":"2025-09-30T18:59:01","modified_gmt":"2025-09-30T18:59:01","slug":"es-asesinado-miguel-de-la-mora-estilista-de-angela-aguilar","status":"publish","type":"post","link":"https:\/\/lahora.mx\/index.php\/2025\/09\/30\/es-asesinado-miguel-de-la-mora-estilista-de-angela-aguilar\/","title":{"rendered":"Es asesinado Miguel de la Mora, estilista de \u00c1ngela Aguilar"},"content":{"rendered":"\n<p>Durante la noche del pasado lunes 29 de septiembre en la colonia Polanco, perteneciente a la alcald\u00eda Miguel Hidalgo, fue asesinado Miguel de la Mora, reconocido estilista y due\u00f1o de Micky\u2019s Hair Sal\u00f3n Masaryk.<\/p>\n\n\n\n<p>Dicho joven, quien ten\u00eda 28 a\u00f1os de edad, era conocido en el medio ya que atend\u00eda a varias celebridades, entre ellas la cantante \u00c1ngela Aguilar, esposa de Christian Nodal.<br><br>Conforme a los primeros reportes por parte de la Secretar\u00eda de Seguridad Ciudadana (SSC), un par de individuos a bordo de una motocicleta llegaron al cruce de las calles Presidente Masaryk y Moli\u00e8re, por lo que uno de ellos baj\u00f3 y dispar\u00f3 en varias ocasiones contra De la Mora, posteriormente escaparon del lugar con direcci\u00f3n a la avenida Ej\u00e9rcito Nacional.<\/p>\n\n\n\n<p>Al lugar arribaron param\u00e9dicos, quienes confirmaron la muerta de Miguel de la Mora de manera inmediata, por tal motivo, la zona fue acordonada mientras agentes de investigaci\u00f3n y peritos de la Fiscal\u00eda capitalina iniciaron con las diligencias correspondientes.<\/p>\n\n\n\n<p>Una de las probables l\u00edneas de investigaci\u00f3n puede ser un ataque directo, ya que no se registr\u00f3 intento de robo ni otro hecho relacionado, ahora las autoridades tendr\u00e1n que revisar las c\u00e1maras de videovigilancia con la finalidad de identificar y dar con los responsables.<\/p>\n\n\n\n<p>Por el momento no existen personas detenidas por este hecho.<\/p>\n\n\n\n<p>La Fiscal\u00eda General de Justicia de la Ciudad de M\u00e9xico ya abri\u00f3 una carpeta de investigaci\u00f3n por homicidio doloso, por lo que se mantiene recabando pruebas para esclarecer el caso.<\/p>\n","protected":false},"excerpt":{"rendered":"<p>Durante la noche del pasado lunes 29 de septiembre en la colonia Polanco, perteneciente a la alcald\u00eda Miguel Hidalgo, fue asesinado Miguel de la Mora, reconocido estilista y due\u00f1o de Micky\u2019s Hair Sal\u00f3n Masaryk. Dicho joven, quien ten\u00eda 28 a\u00f1os de edad, era conocido en el medio ya que atend\u00eda a varias celebridades, entre ellas [&hellip;]<\/p>\n","protected":false},"author":4,"featured_media":68966,"comment_status":"open","ping_status":"open","sticky":false,"template":"","format":"standard","meta":{"om_disable_all_campaigns":false,"_monsterinsights_skip_tracking":false,"_monsterinsights_sitenote_active":false,"_monsterinsights_sitenote_note":"","_monsterinsights_sitenote_category":0,"footnotes":""},"categories":[3,4],"tags":[],"class_list":["post-68965","post","type-post","status-publish","format-standard","has-post-thumbnail","hentry","category-entretenimiento","category-fashion"],"amp_enabled":true,"_links":{"self":[{"href":"https:\/\/lahora.mx\/index.php\/wp-json\/wp\/v2\/posts\/68965","targetHints":{"allow":["GET"]}}],"collection":[{"href":"https:\/\/lahora.mx\/index.php\/wp-json\/wp\/v2\/posts"}],"about":[{"href":"https:\/\/lahora.mx\/index.php\/wp-json\/wp\/v2\/types\/post"}],"author":[{"embeddable":true,"href":"https:\/\/lahora.mx\/index.php\/wp-json\/wp\/v2\/users\/4"}],"replies":[{"embeddable":true,"href":"https:\/\/lahora.mx\/index.php\/wp-json\/wp\/v2\/comments?post=68965"}],"version-history":[{"count":1,"href":"https:\/\/lahora.mx\/index.php\/wp-json\/wp\/v2\/posts\/68965\/revisions"}],"predecessor-version":[{"id":68967,"href":"https:\/\/lahora.mx\/index.php\/wp-json\/wp\/v2\/posts\/68965\/revisions\/68967"}],"wp:featuredmedia":[{"embeddable":true,"href":"https:\/\/lahora.mx\/index.php\/wp-json\/wp\/v2\/media\/68966"}],"wp:attachment":[{"href":"https:\/\/lahora.mx\/index.php\/wp-json\/wp\/v2\/media?parent=68965"}],"wp:term":[{"taxonomy":"category","embeddable":true,"href":"https:\/\/lahora.mx\/index.php\/wp-json\/wp\/v2\/categories?post=68965"},{"taxonomy":"post_tag","embeddable":true,"href":"https:\/\/lahora.mx\/index.php\/wp-json\/wp\/v2\/tags?post=68965"}],"curies":[{"name":"wp","href":"https:\/\/api.w.org\/{rel}","templated":true}]}}