{"id":6896,"date":"2022-05-13T22:37:06","date_gmt":"2022-05-13T22:37:06","guid":{"rendered":"http:\/\/lahora.mx\/?p=6896"},"modified":"2022-05-13T22:37:07","modified_gmt":"2022-05-13T22:37:07","slug":"una-camioneta-de-valores-es-asaltada-afuera-de-bbva-las-animas","status":"publish","type":"post","link":"https:\/\/lahora.mx\/index.php\/2022\/05\/13\/una-camioneta-de-valores-es-asaltada-afuera-de-bbva-las-animas\/","title":{"rendered":"Una camioneta de valores es asaltada afuera de BBVA Las \u00c1nimas"},"content":{"rendered":"\n<p>Un guardia privado result\u00f3 herido de un balazo durante un asalto a una camioneta de valores afuera del&nbsp;<strong>banco BBVA sucursal<\/strong>&nbsp;Las \u00c1nimas, esta ma\u00f1ana. Tras la presencia policial y&nbsp;<strong>una persecuci\u00f3n que culmin\u00f3<\/strong>&nbsp;al norte de la ciudad, se logr\u00f3 la captura de tres presuntos asaltantes, adem\u00e1s de que de manera circunstancial un menor de edad, tambi\u00e9n&nbsp;<strong>result\u00f3 herido de bala.<\/strong><\/p>\n\n\n\n<p>De acuerdo a&nbsp;<strong>fuentes polic\u00edacas<\/strong>&nbsp;se sabe que un grupo de sujetos con armas de fuego llegaron hasta la instituci\u00f3n bancaria ubicada en&nbsp;<strong>Circuito Juan Pablo II y la 33 Sur<\/strong>&nbsp;con la intenci\u00f3n de robarse el contenido de una camioneta de valores.<\/p>\n\n\n\n<p>Sin embargo aparentemente\u00a0<strong>el vigilante del banco se opuso<\/strong>\u00a0y uno de los delincuentes le dispar\u00f3 al menos en dos ocasiones, dej\u00e1ndolo herido.<br>Esto gener\u00f3 la movilizaci\u00f3n de los\u00a0<strong>cuerpos de auxilio y policial,<\/strong>\u00a0quienes a su llegada ya no encontraron a los responsables y los param\u00e9dicos de Protecci\u00f3n Civil Municipal le brindaron ayuda al baleado para\u00a0<strong>trasladarlo a un centro hospitalario.<\/strong><br><\/p>\n\n\n\n<p>En tanto&nbsp;<strong>polic\u00edas municipales&nbsp;<\/strong>emprendieron la b\u00fasqueda y posterior persecuci\u00f3n de los presuntos asaltantes que culmin\u00f3 tras un intercambio de disparos, en el crucero de los bulevares<strong>&nbsp;Hermanos Serd\u00e1n y San Felipe<\/strong>&nbsp;de la colonia Villas San Alejando y frente al centro comercial&nbsp;<strong>Galer\u00edas Serd\u00e1n,&nbsp;<\/strong>donde un menor de edad, de manera circunstancial result\u00f3 herido de bala.<\/p>\n\n\n\n<p>La&nbsp;<strong>Secretar\u00eda de Seguridad Ciudadana<\/strong>&nbsp;(SSC) inform\u00f3 de manera preliminar que tras el asalto ocurrido a una camioneta de valores en Las Animas, polic\u00edas municipales logran detener tras una&nbsp;<strong>persecuci\u00f3n a tres presuntos delincuentes,<\/strong>&nbsp;arma de fuego, y dos veh\u00edculos.<\/p>\n\n\n\n<p>Y agreg\u00f3 que contin\u00faa la b\u00fasqueda de m\u00e1s c\u00f3mplices por la<strong>&nbsp;zona Nor-Poniente de la ciudad.g<\/strong><\/p>\n","protected":false},"excerpt":{"rendered":"<p>Un guardia privado result\u00f3 herido de un balazo durante un asalto a una camioneta de valores afuera del&nbsp;banco BBVA sucursal&nbsp;Las \u00c1nimas, esta ma\u00f1ana. Tras la presencia policial y&nbsp;una persecuci\u00f3n que culmin\u00f3&nbsp;al norte de la ciudad, se logr\u00f3 la captura de tres presuntos asaltantes, adem\u00e1s de que de manera circunstancial un menor de edad, tambi\u00e9n&nbsp;result\u00f3 herido [&hellip;]<\/p>\n","protected":false},"author":4,"featured_media":6897,"comment_status":"open","ping_status":"open","sticky":false,"template":"","format":"standard","meta":{"om_disable_all_campaigns":false,"_monsterinsights_skip_tracking":false,"_monsterinsights_sitenote_active":false,"_monsterinsights_sitenote_note":"","_monsterinsights_sitenote_category":0,"footnotes":""},"categories":[175,226],"tags":[223],"class_list":["post-6896","post","type-post","status-publish","format-standard","has-post-thumbnail","hentry","category-local","category-policia","tag-puebla"],"amp_enabled":true,"_links":{"self":[{"href":"https:\/\/lahora.mx\/index.php\/wp-json\/wp\/v2\/posts\/6896","targetHints":{"allow":["GET"]}}],"collection":[{"href":"https:\/\/lahora.mx\/index.php\/wp-json\/wp\/v2\/posts"}],"about":[{"href":"https:\/\/lahora.mx\/index.php\/wp-json\/wp\/v2\/types\/post"}],"author":[{"embeddable":true,"href":"https:\/\/lahora.mx\/index.php\/wp-json\/wp\/v2\/users\/4"}],"replies":[{"embeddable":true,"href":"https:\/\/lahora.mx\/index.php\/wp-json\/wp\/v2\/comments?post=6896"}],"version-history":[{"count":1,"href":"https:\/\/lahora.mx\/index.php\/wp-json\/wp\/v2\/posts\/6896\/revisions"}],"predecessor-version":[{"id":6898,"href":"https:\/\/lahora.mx\/index.php\/wp-json\/wp\/v2\/posts\/6896\/revisions\/6898"}],"wp:featuredmedia":[{"embeddable":true,"href":"https:\/\/lahora.mx\/index.php\/wp-json\/wp\/v2\/media\/6897"}],"wp:attachment":[{"href":"https:\/\/lahora.mx\/index.php\/wp-json\/wp\/v2\/media?parent=6896"}],"wp:term":[{"taxonomy":"category","embeddable":true,"href":"https:\/\/lahora.mx\/index.php\/wp-json\/wp\/v2\/categories?post=6896"},{"taxonomy":"post_tag","embeddable":true,"href":"https:\/\/lahora.mx\/index.php\/wp-json\/wp\/v2\/tags?post=6896"}],"curies":[{"name":"wp","href":"https:\/\/api.w.org\/{rel}","templated":true}]}}