{"id":68956,"date":"2025-09-30T18:42:56","date_gmt":"2025-09-30T18:42:56","guid":{"rendered":"https:\/\/lahora.mx\/?p=68956"},"modified":"2025-09-30T18:42:57","modified_gmt":"2025-09-30T18:42:57","slug":"gobierno-de-puebla-reforesta-zoquitlan-con-frutales-y-fortalece-riqueza-comunitaria","status":"publish","type":"post","link":"https:\/\/lahora.mx\/index.php\/2025\/09\/30\/gobierno-de-puebla-reforesta-zoquitlan-con-frutales-y-fortalece-riqueza-comunitaria\/","title":{"rendered":"Gobierno de Puebla reforesta Zoquitl\u00e1n con frutales y fortalece riqueza comunitaria"},"content":{"rendered":"\n<p>Con una visi\u00f3n ambientalista y con el prop\u00f3sito de recuperar el equilibrio ecol\u00f3gico, el Gobierno del Estado a trav\u00e9s del Plan Estatal de Reforestaci\u00f3n, tiene la meta de entregar en la microrregi\u00f3n n\u00famero 27 de Ajalpan, 139 mil 445 \u00e1rboles, de los cuales, aproximadamente 62 mil, ya fueron entregados.<\/p>\n\n\n\n<p>Durante una gira en el municipio de Zoquitl\u00e1n, el gobernador de Puebla, Alejandro Armenta, subray\u00f3 que el objetivo es sembrar frutales en beneficio de toda la poblaci\u00f3n y productores, para posteriormente instalar una procesadora y dar valor agregado a las frutas.<br><br>El mandatario estatal refiri\u00f3 que con dicha estrategia se pueden producir c\u00edtricos y todo tipo de frutales para ser comercializados y de esta manera fortalecer la riqueza comunitaria y generar una econom\u00eda circular.<\/p>\n\n\n\n<p>En este contexto, la secretaria de Medio Ambiente, Desarrollo Sustentable y Ordenamiento Territorial, Rebeca Ba\u00f1uelos Guadarrama, inform\u00f3 que la microrregi\u00f3n 27 es muy extensa e involucra ecosistemas como bosque y selva, por ello se entregan especies como pino, caoba, fresnos; as\u00ed como los frutales de mamey y lim\u00f3n, por mencionar algunos.<\/p>\n\n\n\n<p>Dijo que con el Plan Estatal de Reforestaci\u00f3n no solamente cuidan los pulmones del estado, sino que a trav\u00e9s de la Polic\u00eda Forestal se salvaguardan los bosques, en colaboraci\u00f3n con los brigadistas comunitarios.<\/p>\n\n\n\n<p>Finalmente, uno de los beneficiarios, Felipe Guti\u00e9rrez quien es originario del municipio de Coyomeapan, se\u00f1al\u00f3 que los apoyos otorgados como herramientas para el campo, ser\u00e1n un apoyo para fortalecer su siembra de \u00e1rboles como aguacate, durazno y manzana entre otros frutales, lo que representa un beneficio para productores como \u00e9l que comercializan en la regi\u00f3n. Por ello, reconoci\u00f3 que la iniciativa de reforestar la micorregi\u00f3n protege al medio ambiente, pero tambi\u00e9n a la econom\u00eda de las familias poblanas.<\/p>\n","protected":false},"excerpt":{"rendered":"<p>Con una visi\u00f3n ambientalista y con el prop\u00f3sito de recuperar el equilibrio ecol\u00f3gico, el Gobierno del Estado a trav\u00e9s del Plan Estatal de Reforestaci\u00f3n, tiene la meta de entregar en la microrregi\u00f3n n\u00famero 27 de Ajalpan, 139 mil 445 \u00e1rboles, de los cuales, aproximadamente 62 mil, ya fueron entregados. Durante una gira en el municipio [&hellip;]<\/p>\n","protected":false},"author":4,"featured_media":68957,"comment_status":"open","ping_status":"open","sticky":false,"template":"","format":"standard","meta":{"om_disable_all_campaigns":false,"_monsterinsights_skip_tracking":false,"_monsterinsights_sitenote_active":false,"_monsterinsights_sitenote_note":"","_monsterinsights_sitenote_category":0,"footnotes":""},"categories":[175],"tags":[239,223],"class_list":["post-68956","post","type-post","status-publish","format-standard","has-post-thumbnail","hentry","category-local","tag-gobierno","tag-puebla"],"amp_enabled":true,"_links":{"self":[{"href":"https:\/\/lahora.mx\/index.php\/wp-json\/wp\/v2\/posts\/68956","targetHints":{"allow":["GET"]}}],"collection":[{"href":"https:\/\/lahora.mx\/index.php\/wp-json\/wp\/v2\/posts"}],"about":[{"href":"https:\/\/lahora.mx\/index.php\/wp-json\/wp\/v2\/types\/post"}],"author":[{"embeddable":true,"href":"https:\/\/lahora.mx\/index.php\/wp-json\/wp\/v2\/users\/4"}],"replies":[{"embeddable":true,"href":"https:\/\/lahora.mx\/index.php\/wp-json\/wp\/v2\/comments?post=68956"}],"version-history":[{"count":1,"href":"https:\/\/lahora.mx\/index.php\/wp-json\/wp\/v2\/posts\/68956\/revisions"}],"predecessor-version":[{"id":68958,"href":"https:\/\/lahora.mx\/index.php\/wp-json\/wp\/v2\/posts\/68956\/revisions\/68958"}],"wp:featuredmedia":[{"embeddable":true,"href":"https:\/\/lahora.mx\/index.php\/wp-json\/wp\/v2\/media\/68957"}],"wp:attachment":[{"href":"https:\/\/lahora.mx\/index.php\/wp-json\/wp\/v2\/media?parent=68956"}],"wp:term":[{"taxonomy":"category","embeddable":true,"href":"https:\/\/lahora.mx\/index.php\/wp-json\/wp\/v2\/categories?post=68956"},{"taxonomy":"post_tag","embeddable":true,"href":"https:\/\/lahora.mx\/index.php\/wp-json\/wp\/v2\/tags?post=68956"}],"curies":[{"name":"wp","href":"https:\/\/api.w.org\/{rel}","templated":true}]}}