{"id":68951,"date":"2025-09-30T18:34:36","date_gmt":"2025-09-30T18:34:36","guid":{"rendered":"https:\/\/lahora.mx\/?p=68951"},"modified":"2025-09-30T18:34:38","modified_gmt":"2025-09-30T18:34:38","slug":"mercados-de-la-region-de-izucar-sin-camaras-de-seguridad","status":"publish","type":"post","link":"https:\/\/lahora.mx\/index.php\/2025\/09\/30\/mercados-de-la-region-de-izucar-sin-camaras-de-seguridad\/","title":{"rendered":"Mercados de la regi\u00f3n de Iz\u00facar, sin c\u00e1maras de seguridad"},"content":{"rendered":"\n<p>Mercados de la regi\u00f3n de la Mixteca Poblana se han convertido en focos rojos de la inseguridad, debido a la falta de sistemas de video vigilancia. Las amas de casa y comerciantes son las m\u00e1s perjudicados.<\/p>\n\n\n\n<p>Hay que destacar que, actualmente mercados como el llamado Mercado Revoluci\u00f3n ubicado en Iz\u00facar de Matamoros, cuenta con un grupo de particulares que brinda seguridad en \u00e1rea de este lugar, sin embargo, no hay video vigilancia, generando que grupos de amantes de lo ajeno lleguen los d\u00edas lunes robando a comerciantes, pero principalmente a las amas de casa, a quienes despojan de sus bolsas, dinero y celulares.<br><br>Mientras que en el mercado Miguel C\u00e1stulo de Alatriste, ubicado en el Centro de Iz\u00facar, el sitio no cuenta con un sistema de video vigilancia, lo que permite que los delincuentes operen sin poder ser ubicados.<\/p>\n\n\n\n<p>Como dichos mercados se encuentran el resto de los que se ubican en la regi\u00f3n de la Mixteca poblana. Solo en el caso del municipio de Piaxtla, su mercado municipal cuenta con c\u00e1mara de video vigilancia, lo que ha permitido detectar a los amantes de lo ajeno.<\/p>\n","protected":false},"excerpt":{"rendered":"<p>Mercados de la regi\u00f3n de la Mixteca Poblana se han convertido en focos rojos de la inseguridad, debido a la falta de sistemas de video vigilancia. Las amas de casa y comerciantes son las m\u00e1s perjudicados. Hay que destacar que, actualmente mercados como el llamado Mercado Revoluci\u00f3n ubicado en Iz\u00facar de Matamoros, cuenta con un [&hellip;]<\/p>\n","protected":false},"author":4,"featured_media":68952,"comment_status":"open","ping_status":"open","sticky":false,"template":"","format":"standard","meta":{"om_disable_all_campaigns":false,"_monsterinsights_skip_tracking":false,"_monsterinsights_sitenote_active":false,"_monsterinsights_sitenote_note":"","_monsterinsights_sitenote_category":0,"footnotes":""},"categories":[175,226],"tags":[223],"class_list":["post-68951","post","type-post","status-publish","format-standard","has-post-thumbnail","hentry","category-local","category-policia","tag-puebla"],"amp_enabled":true,"_links":{"self":[{"href":"https:\/\/lahora.mx\/index.php\/wp-json\/wp\/v2\/posts\/68951","targetHints":{"allow":["GET"]}}],"collection":[{"href":"https:\/\/lahora.mx\/index.php\/wp-json\/wp\/v2\/posts"}],"about":[{"href":"https:\/\/lahora.mx\/index.php\/wp-json\/wp\/v2\/types\/post"}],"author":[{"embeddable":true,"href":"https:\/\/lahora.mx\/index.php\/wp-json\/wp\/v2\/users\/4"}],"replies":[{"embeddable":true,"href":"https:\/\/lahora.mx\/index.php\/wp-json\/wp\/v2\/comments?post=68951"}],"version-history":[{"count":1,"href":"https:\/\/lahora.mx\/index.php\/wp-json\/wp\/v2\/posts\/68951\/revisions"}],"predecessor-version":[{"id":68953,"href":"https:\/\/lahora.mx\/index.php\/wp-json\/wp\/v2\/posts\/68951\/revisions\/68953"}],"wp:featuredmedia":[{"embeddable":true,"href":"https:\/\/lahora.mx\/index.php\/wp-json\/wp\/v2\/media\/68952"}],"wp:attachment":[{"href":"https:\/\/lahora.mx\/index.php\/wp-json\/wp\/v2\/media?parent=68951"}],"wp:term":[{"taxonomy":"category","embeddable":true,"href":"https:\/\/lahora.mx\/index.php\/wp-json\/wp\/v2\/categories?post=68951"},{"taxonomy":"post_tag","embeddable":true,"href":"https:\/\/lahora.mx\/index.php\/wp-json\/wp\/v2\/tags?post=68951"}],"curies":[{"name":"wp","href":"https:\/\/api.w.org\/{rel}","templated":true}]}}