{"id":68948,"date":"2025-09-30T18:18:56","date_gmt":"2025-09-30T18:18:56","guid":{"rendered":"https:\/\/lahora.mx\/?p=68948"},"modified":"2025-09-30T18:18:57","modified_gmt":"2025-09-30T18:18:57","slug":"por-intensas-lluvias-activan-plan-dn-iii-e-en-nezahualcoyotl","status":"publish","type":"post","link":"https:\/\/lahora.mx\/index.php\/2025\/09\/30\/por-intensas-lluvias-activan-plan-dn-iii-e-en-nezahualcoyotl\/","title":{"rendered":"Por intensas lluvias activan Plan DN-III-E en Nezahualc\u00f3yotl"},"content":{"rendered":"\n<p>Un total de 120 elementos del Ej\u00e9rcito y la Guardia Nacional, as\u00ed como 12 veh\u00edculos, fueron desplegados desde el pasado lunes 29 de septiembre en Nezahualc\u00f3yotl, Estado de M\u00e9xico, con la finalidad de atender las afectaciones provocadas por las intensas lluvias asociadas a un canal de baja presi\u00f3n en el Valle de M\u00e9xico.<\/p>\n\n\n\n<p>Lo anterior fue informado por la Secretar\u00eda de la Defensa Nacional (Sedena), quien detall\u00f3 que, durante la operaci\u00f3n, trabajar\u00e1n de manera conjunta en coordinaci\u00f3n con autoridades locales, Protecci\u00f3n Civil y la Comisi\u00f3n Nacional de Agua (CONAGUA).<br><br>Destac\u00f3 que llevar\u00e1n a cabo recorridos en zonas afectadas, perifoneo, evacuaci\u00f3n de personas y desazolve de calles, as\u00ed como juntas de coordinaci\u00f3n e intercambio de informaci\u00f3n.<\/p>\n\n\n\n<p>\u201cCon estas acciones, el Ej\u00e9rcito, Fuerza A\u00e9rea y Guardia Nacional reafirman su compromiso de salvaguardar el bienestar de la poblaci\u00f3n mexiquense, contribuyendo al mantenimiento del orden y la recuperaci\u00f3n de bienes\u201d, se\u00f1ala la Secretar\u00eda de la Defensa Nacional.<\/p>\n\n\n\n<p>Agregan que mantendr\u00e1n con las labores de auxilio mientras est\u00e9n presentes las condiciones clim\u00e1ticas adversas, asegurando apoyo constante a las familias afectadas.<\/p>\n","protected":false},"excerpt":{"rendered":"<p>Un total de 120 elementos del Ej\u00e9rcito y la Guardia Nacional, as\u00ed como 12 veh\u00edculos, fueron desplegados desde el pasado lunes 29 de septiembre en Nezahualc\u00f3yotl, Estado de M\u00e9xico, con la finalidad de atender las afectaciones provocadas por las intensas lluvias asociadas a un canal de baja presi\u00f3n en el Valle de M\u00e9xico. Lo anterior [&hellip;]<\/p>\n","protected":false},"author":4,"featured_media":68949,"comment_status":"open","ping_status":"open","sticky":false,"template":"","format":"standard","meta":{"om_disable_all_campaigns":false,"_monsterinsights_skip_tracking":false,"_monsterinsights_sitenote_active":false,"_monsterinsights_sitenote_note":"","_monsterinsights_sitenote_category":0,"footnotes":""},"categories":[176],"tags":[],"class_list":["post-68948","post","type-post","status-publish","format-standard","has-post-thumbnail","hentry","category-nacional"],"amp_enabled":true,"_links":{"self":[{"href":"https:\/\/lahora.mx\/index.php\/wp-json\/wp\/v2\/posts\/68948","targetHints":{"allow":["GET"]}}],"collection":[{"href":"https:\/\/lahora.mx\/index.php\/wp-json\/wp\/v2\/posts"}],"about":[{"href":"https:\/\/lahora.mx\/index.php\/wp-json\/wp\/v2\/types\/post"}],"author":[{"embeddable":true,"href":"https:\/\/lahora.mx\/index.php\/wp-json\/wp\/v2\/users\/4"}],"replies":[{"embeddable":true,"href":"https:\/\/lahora.mx\/index.php\/wp-json\/wp\/v2\/comments?post=68948"}],"version-history":[{"count":1,"href":"https:\/\/lahora.mx\/index.php\/wp-json\/wp\/v2\/posts\/68948\/revisions"}],"predecessor-version":[{"id":68950,"href":"https:\/\/lahora.mx\/index.php\/wp-json\/wp\/v2\/posts\/68948\/revisions\/68950"}],"wp:featuredmedia":[{"embeddable":true,"href":"https:\/\/lahora.mx\/index.php\/wp-json\/wp\/v2\/media\/68949"}],"wp:attachment":[{"href":"https:\/\/lahora.mx\/index.php\/wp-json\/wp\/v2\/media?parent=68948"}],"wp:term":[{"taxonomy":"category","embeddable":true,"href":"https:\/\/lahora.mx\/index.php\/wp-json\/wp\/v2\/categories?post=68948"},{"taxonomy":"post_tag","embeddable":true,"href":"https:\/\/lahora.mx\/index.php\/wp-json\/wp\/v2\/tags?post=68948"}],"curies":[{"name":"wp","href":"https:\/\/api.w.org\/{rel}","templated":true}]}}