{"id":68945,"date":"2025-09-30T17:15:00","date_gmt":"2025-09-30T17:15:00","guid":{"rendered":"https:\/\/lahora.mx\/?p=68945"},"modified":"2025-09-30T17:30:57","modified_gmt":"2025-09-30T17:30:57","slug":"sheinbaum-alista-nueva-normatividad-tras-explosion-de-pipa-en-iztapalapa","status":"publish","type":"post","link":"https:\/\/lahora.mx\/index.php\/2025\/09\/30\/sheinbaum-alista-nueva-normatividad-tras-explosion-de-pipa-en-iztapalapa\/","title":{"rendered":"Sheinbaum alista nueva normatividad tras explosi\u00f3n de pipa en Iztapalapa"},"content":{"rendered":"\n<p>Durante su conferencia matutina en Palacio Nacional, la presidenta Claudia Sheinbaum inform\u00f3 que la investigaci\u00f3n relacionada con la explosi\u00f3n de una pipa de gas LP est\u00e1 siendo llevada por la Fiscal\u00eda de la Ciudad de M\u00e9xico.<\/p>\n\n\n\n<p>La mandataria adelant\u00f3 que en los pr\u00f3ximos d\u00edas se dar\u00e1 a conocer una nueva regulaci\u00f3n federal que establecer\u00e1 lineamientos m\u00e1s estrictos para el transporte de gas licuado de petr\u00f3leo, con el objetivo de reforzar la seguridad y prevenir incidentes de este tipo.<br><br>Asimismo, explic\u00f3 que el marco legal contempla la posibilidad de llegar a un acuerdo reparatorio, siempre y cuando sea solicitado por la parte afectada. Subray\u00f3 que las v\u00edctimas recibir\u00e1n acompa\u00f1amiento y respaldo institucional para garantizar sus derechos en el proceso.<\/p>\n\n\n\n<p>Con estas medidas, el gobierno federal busca responder al caso que conmocion\u00f3 a la capital y fortalecer la protecci\u00f3n ciudadana frente al manejo de materiales peligrosos.<\/p>\n","protected":false},"excerpt":{"rendered":"<p>Durante su conferencia matutina en Palacio Nacional, la presidenta Claudia Sheinbaum inform\u00f3 que la investigaci\u00f3n relacionada con la explosi\u00f3n de una pipa de gas LP est\u00e1 siendo llevada por la Fiscal\u00eda de la Ciudad de M\u00e9xico. La mandataria adelant\u00f3 que en los pr\u00f3ximos d\u00edas se dar\u00e1 a conocer una nueva regulaci\u00f3n federal que establecer\u00e1 lineamientos [&hellip;]<\/p>\n","protected":false},"author":4,"featured_media":68946,"comment_status":"open","ping_status":"open","sticky":false,"template":"","format":"standard","meta":{"om_disable_all_campaigns":false,"_monsterinsights_skip_tracking":false,"_monsterinsights_sitenote_active":false,"_monsterinsights_sitenote_note":"","_monsterinsights_sitenote_category":0,"footnotes":""},"categories":[176],"tags":[195,223],"class_list":["post-68945","post","type-post","status-publish","format-standard","has-post-thumbnail","hentry","category-nacional","tag-principal","tag-puebla"],"amp_enabled":true,"_links":{"self":[{"href":"https:\/\/lahora.mx\/index.php\/wp-json\/wp\/v2\/posts\/68945","targetHints":{"allow":["GET"]}}],"collection":[{"href":"https:\/\/lahora.mx\/index.php\/wp-json\/wp\/v2\/posts"}],"about":[{"href":"https:\/\/lahora.mx\/index.php\/wp-json\/wp\/v2\/types\/post"}],"author":[{"embeddable":true,"href":"https:\/\/lahora.mx\/index.php\/wp-json\/wp\/v2\/users\/4"}],"replies":[{"embeddable":true,"href":"https:\/\/lahora.mx\/index.php\/wp-json\/wp\/v2\/comments?post=68945"}],"version-history":[{"count":1,"href":"https:\/\/lahora.mx\/index.php\/wp-json\/wp\/v2\/posts\/68945\/revisions"}],"predecessor-version":[{"id":68947,"href":"https:\/\/lahora.mx\/index.php\/wp-json\/wp\/v2\/posts\/68945\/revisions\/68947"}],"wp:featuredmedia":[{"embeddable":true,"href":"https:\/\/lahora.mx\/index.php\/wp-json\/wp\/v2\/media\/68946"}],"wp:attachment":[{"href":"https:\/\/lahora.mx\/index.php\/wp-json\/wp\/v2\/media?parent=68945"}],"wp:term":[{"taxonomy":"category","embeddable":true,"href":"https:\/\/lahora.mx\/index.php\/wp-json\/wp\/v2\/categories?post=68945"},{"taxonomy":"post_tag","embeddable":true,"href":"https:\/\/lahora.mx\/index.php\/wp-json\/wp\/v2\/tags?post=68945"}],"curies":[{"name":"wp","href":"https:\/\/api.w.org\/{rel}","templated":true}]}}