{"id":68938,"date":"2025-09-30T16:46:35","date_gmt":"2025-09-30T16:46:35","guid":{"rendered":"https:\/\/lahora.mx\/?p=68938"},"modified":"2025-09-30T16:46:36","modified_gmt":"2025-09-30T16:46:36","slug":"es-detenido-el-chuki-piloto-del-cartel-de-sinaloa","status":"publish","type":"post","link":"https:\/\/lahora.mx\/index.php\/2025\/09\/30\/es-detenido-el-chuki-piloto-del-cartel-de-sinaloa\/","title":{"rendered":"Es detenido el Chuki, piloto del C\u00e1rtel de Sinaloa"},"content":{"rendered":"\n<p>El secretario de Seguridad y Protecci\u00f3n Ciudadana (SSPC), Omar Garc\u00eda Harfuch, dio a conocer que fuerzas federales detuvieron este martes 30 de septiembre a una persona identificada como Juan Pablo \u201cN\u201d, alias \u201cChuki\u201d, quien es probable piloto aviador del C\u00e1rtel de Sinaloa.<\/p>\n\n\n\n<p>Derivado del reforzamiento permanente en el estado de Sinaloa para detener a generadores de violencia, elementos de la Secretar\u00eda de Seguridad y Protecci\u00f3n Ciudadana (SSPC), Secretar\u00eda de la Defensa Nacional (Defensa), Secretar\u00eda de Marina (Semar), Fiscal\u00eda General de la Rep\u00fablica (FGR) y Guardia Nacional (GN) cumplimentaron una orden de aprehensi\u00f3n contra Juan Pablo \u201cN\u201d, por el delito de delincuencia organizada en materia de tr\u00e1fico de armas.<br><br>Los agentes de seguridad, con el objetivo de reducir los \u00edndices delictivos en el estado, realizaron investigaciones sobre un sujeto con funciones de piloto aviador al servicio de un grupo delictivo, con esto localizaron diferentes domicilios y veh\u00edculos que utilizaba, adem\u00e1s, esta persona contaba con una orden de aprehensi\u00f3n vigente.<\/p>\n\n\n\n<p>Fue as\u00ed que los efectivos, al realizar recorridos de vigilancia en la localidad de Surutato, del municipio de Badiraguato, identificaron a Juan Pablo \u201cN\u201d, le marcaron el alto, corroboraron su identidad y cumplimentaron la orden de aprehensi\u00f3n en su contra por el delito de delincuencia organizada en materia de tr\u00e1fico de armas.<\/p>\n\n\n\n<p>Al detenido le informaron sus derechos de ley y fue puesto a disposici\u00f3n de la autoridad que lo requiere, quien determinar\u00e1 su situaci\u00f3n legal.<\/p>\n\n\n\n<p>Con estas acciones, las instituciones que conforman el Gabinete de Seguridad refrendan su compromiso de trabajar de manera coordinada para recuperar la paz y tranquilidad de la ciudadan\u00eda en el estado de Sinaloa.<\/p>\n","protected":false},"excerpt":{"rendered":"<p>El secretario de Seguridad y Protecci\u00f3n Ciudadana (SSPC), Omar Garc\u00eda Harfuch, dio a conocer que fuerzas federales detuvieron este martes 30 de septiembre a una persona identificada como Juan Pablo \u201cN\u201d, alias \u201cChuki\u201d, quien es probable piloto aviador del C\u00e1rtel de Sinaloa. Derivado del reforzamiento permanente en el estado de Sinaloa para detener a generadores [&hellip;]<\/p>\n","protected":false},"author":4,"featured_media":68940,"comment_status":"open","ping_status":"open","sticky":false,"template":"","format":"standard","meta":{"om_disable_all_campaigns":false,"_monsterinsights_skip_tracking":false,"_monsterinsights_sitenote_active":false,"_monsterinsights_sitenote_note":"","_monsterinsights_sitenote_category":0,"footnotes":""},"categories":[176,226],"tags":[195],"class_list":["post-68938","post","type-post","status-publish","format-standard","has-post-thumbnail","hentry","category-nacional","category-policia","tag-principal"],"amp_enabled":true,"_links":{"self":[{"href":"https:\/\/lahora.mx\/index.php\/wp-json\/wp\/v2\/posts\/68938","targetHints":{"allow":["GET"]}}],"collection":[{"href":"https:\/\/lahora.mx\/index.php\/wp-json\/wp\/v2\/posts"}],"about":[{"href":"https:\/\/lahora.mx\/index.php\/wp-json\/wp\/v2\/types\/post"}],"author":[{"embeddable":true,"href":"https:\/\/lahora.mx\/index.php\/wp-json\/wp\/v2\/users\/4"}],"replies":[{"embeddable":true,"href":"https:\/\/lahora.mx\/index.php\/wp-json\/wp\/v2\/comments?post=68938"}],"version-history":[{"count":1,"href":"https:\/\/lahora.mx\/index.php\/wp-json\/wp\/v2\/posts\/68938\/revisions"}],"predecessor-version":[{"id":68941,"href":"https:\/\/lahora.mx\/index.php\/wp-json\/wp\/v2\/posts\/68938\/revisions\/68941"}],"wp:featuredmedia":[{"embeddable":true,"href":"https:\/\/lahora.mx\/index.php\/wp-json\/wp\/v2\/media\/68940"}],"wp:attachment":[{"href":"https:\/\/lahora.mx\/index.php\/wp-json\/wp\/v2\/media?parent=68938"}],"wp:term":[{"taxonomy":"category","embeddable":true,"href":"https:\/\/lahora.mx\/index.php\/wp-json\/wp\/v2\/categories?post=68938"},{"taxonomy":"post_tag","embeddable":true,"href":"https:\/\/lahora.mx\/index.php\/wp-json\/wp\/v2\/tags?post=68938"}],"curies":[{"name":"wp","href":"https:\/\/api.w.org\/{rel}","templated":true}]}}