{"id":68935,"date":"2025-09-30T16:27:31","date_gmt":"2025-09-30T16:27:31","guid":{"rendered":"https:\/\/lahora.mx\/?p=68935"},"modified":"2025-09-30T16:27:31","modified_gmt":"2025-09-30T16:27:31","slug":"atlixco-dona-terreno-para-construccion-de-alrededor-de-700-viviendas","status":"publish","type":"post","link":"https:\/\/lahora.mx\/index.php\/2025\/09\/30\/atlixco-dona-terreno-para-construccion-de-alrededor-de-700-viviendas\/","title":{"rendered":"Atlixco dona terreno para construcci\u00f3n de alrededor de\u00a0700\u00a0viviendas"},"content":{"rendered":"\n<p>En sesi\u00f3n de Cabildo, la presidenta de Atlixco, Ariadna Ayala present\u00f3 y logr\u00f3 la aprobaci\u00f3n del punto de acuerdo para la donaci\u00f3n de un predio que permitir\u00e1 consolidar el programa de vivienda impulsado por la presidenta de la Rep\u00fablica, la Dra. Claudia Sheinbaum, y el gobernador del estado, Dr. Alejandro Armenta, en coordinaci\u00f3n con CONAVI y FOVISSSTE.<\/p>\n\n\n\n<p>El terreno ser\u00e1 destinado a la construcci\u00f3n de entre 255 y 765 viviendas, con el objetivo de beneficiar a hasta 765 familias atlixquenses en situaci\u00f3n de vulnerabilidad.<br><br>El programa est\u00e1 dirigido a personas sin vivienda propia, con ingresos menores a dos salarios m\u00ednimos diarios, as\u00ed como a madres jefas de familia, personas con discapacidad, adultos mayores y comunidades ind\u00edgenas.<\/p>\n\n\n\n<p>La presidenta de Atlixco, Ariadna Ayala invita a la ciudadan\u00eda a no dejarse enga\u00f1ar, recordando que el proceso se llevar\u00e1 a cabo \u00fanicamente a trav\u00e9s de las instituciones oficiales. En los pr\u00f3ximos meses, el Gobierno Federal emitir\u00e1 la convocatoria oficial con los requisitos para participar.<\/p>\n","protected":false},"excerpt":{"rendered":"<p>En sesi\u00f3n de Cabildo, la presidenta de Atlixco, Ariadna Ayala present\u00f3 y logr\u00f3 la aprobaci\u00f3n del punto de acuerdo para la donaci\u00f3n de un predio que permitir\u00e1 consolidar el programa de vivienda impulsado por la presidenta de la Rep\u00fablica, la Dra. Claudia Sheinbaum, y el gobernador del estado, Dr. Alejandro Armenta, en coordinaci\u00f3n con CONAVI [&hellip;]<\/p>\n","protected":false},"author":4,"featured_media":68936,"comment_status":"open","ping_status":"open","sticky":false,"template":"","format":"standard","meta":{"om_disable_all_campaigns":false,"_monsterinsights_skip_tracking":false,"_monsterinsights_sitenote_active":false,"_monsterinsights_sitenote_note":"","_monsterinsights_sitenote_category":0,"footnotes":""},"categories":[175],"tags":[],"class_list":["post-68935","post","type-post","status-publish","format-standard","has-post-thumbnail","hentry","category-local"],"amp_enabled":true,"_links":{"self":[{"href":"https:\/\/lahora.mx\/index.php\/wp-json\/wp\/v2\/posts\/68935","targetHints":{"allow":["GET"]}}],"collection":[{"href":"https:\/\/lahora.mx\/index.php\/wp-json\/wp\/v2\/posts"}],"about":[{"href":"https:\/\/lahora.mx\/index.php\/wp-json\/wp\/v2\/types\/post"}],"author":[{"embeddable":true,"href":"https:\/\/lahora.mx\/index.php\/wp-json\/wp\/v2\/users\/4"}],"replies":[{"embeddable":true,"href":"https:\/\/lahora.mx\/index.php\/wp-json\/wp\/v2\/comments?post=68935"}],"version-history":[{"count":1,"href":"https:\/\/lahora.mx\/index.php\/wp-json\/wp\/v2\/posts\/68935\/revisions"}],"predecessor-version":[{"id":68937,"href":"https:\/\/lahora.mx\/index.php\/wp-json\/wp\/v2\/posts\/68935\/revisions\/68937"}],"wp:featuredmedia":[{"embeddable":true,"href":"https:\/\/lahora.mx\/index.php\/wp-json\/wp\/v2\/media\/68936"}],"wp:attachment":[{"href":"https:\/\/lahora.mx\/index.php\/wp-json\/wp\/v2\/media?parent=68935"}],"wp:term":[{"taxonomy":"category","embeddable":true,"href":"https:\/\/lahora.mx\/index.php\/wp-json\/wp\/v2\/categories?post=68935"},{"taxonomy":"post_tag","embeddable":true,"href":"https:\/\/lahora.mx\/index.php\/wp-json\/wp\/v2\/tags?post=68935"}],"curies":[{"name":"wp","href":"https:\/\/api.w.org\/{rel}","templated":true}]}}