{"id":68932,"date":"2025-09-30T02:44:33","date_gmt":"2025-09-30T02:44:33","guid":{"rendered":"https:\/\/lahora.mx\/?p=68932"},"modified":"2025-09-30T02:44:34","modified_gmt":"2025-09-30T02:44:34","slug":"ssp-analiza-trasladar-a-lopez-zavala-del-cereso-de-san-miguel-a-un-penal-federal","status":"publish","type":"post","link":"https:\/\/lahora.mx\/index.php\/2025\/09\/30\/ssp-analiza-trasladar-a-lopez-zavala-del-cereso-de-san-miguel-a-un-penal-federal\/","title":{"rendered":"SSP analiza trasladar a L\u00f3pez Zavala del Cereso de San Miguel a un penal federal"},"content":{"rendered":"\n<p>El titular de la Secretar\u00eda de Seguridad P\u00fablica, Vicealmirante Francisco S\u00e1nchez Gonz\u00e1lez, confirm\u00f3 que, se analizar\u00e1 el posible traslado de Javier L\u00f3pez Zavala, exsecretario de Gobernaci\u00f3n y excandidato a la gubernatura de Puebla, del Cereso de San Miguel a un penal federal.<\/p>\n\n\n\n<p>\u201cVamos a hacer la solicitud nosotros y esperemos que nos la atiendan, lo vamos a considerar. Como se nos van presentando las problem\u00e1ticas, vamos tomando las acciones, cuando nosotros tenemos una persona que nos genera muchos problemas, tenemos que hacer los ajustes y eso nos genera algunas inconformidades\u201d, dijo.<\/p>\n\n\n\n<p>En su declaraci\u00f3n, S\u00e1nchez Gonz\u00e1lez descart\u00f3 que se trate de un tema pol\u00edtico: \u201cNo, no es pol\u00edtico (\u2026) yo no me meto en esos campos, yo tomo las decisiones en base a la situaci\u00f3n\u201d.<\/p>\n\n\n\n<p>El funcionario estatal refiri\u00f3 que, dicha medida, busca fortalecer la seguridad y el control penitenciario, dado el perfil del interno y el proceso que enfrenta, pues a\u00fan no ha concluido la situaci\u00f3n de su comparecencia y una vez que se defina el proceso, se analizar\u00e1 y se emitir\u00e1 la solicitud.<\/p>\n\n\n\n<p>\u201cEsta persona est\u00e1 en proceso, todav\u00eda no ha concluido la situaci\u00f3n de su comparecencia, una vez que se termine, se va a considerar\u201d, dijo.<\/p>\n\n\n\n<p>L\u00f3pez Zavala est\u00e1 detenido desde 2022, acusado del feminicidio de la activista y abogada Cecilia Monz\u00f3n P\u00e9rez. Por ello, el titular de la Secretar\u00eda de Seguridad P\u00fablica, Vicealmirante Francisco S\u00e1nchez Gonz\u00e1lez, asegur\u00f3 que, el traslado se har\u00e1 en coordinaci\u00f3n con autoridades federales, garantizando el respeto al debido proceso.<\/p>\n","protected":false},"excerpt":{"rendered":"<p>El titular de la Secretar\u00eda de Seguridad P\u00fablica, Vicealmirante Francisco S\u00e1nchez Gonz\u00e1lez, confirm\u00f3 que, se analizar\u00e1 el posible traslado de Javier L\u00f3pez Zavala, exsecretario de Gobernaci\u00f3n y excandidato a la gubernatura de Puebla, del Cereso de San Miguel a un penal federal. \u201cVamos a hacer la solicitud nosotros y esperemos que nos la atiendan, lo [&hellip;]<\/p>\n","protected":false},"author":4,"featured_media":68933,"comment_status":"open","ping_status":"open","sticky":false,"template":"","format":"standard","meta":{"om_disable_all_campaigns":false,"_monsterinsights_skip_tracking":false,"_monsterinsights_sitenote_active":false,"_monsterinsights_sitenote_note":"","_monsterinsights_sitenote_category":0,"footnotes":""},"categories":[175,226],"tags":[223],"class_list":["post-68932","post","type-post","status-publish","format-standard","has-post-thumbnail","hentry","category-local","category-policia","tag-puebla"],"amp_enabled":true,"_links":{"self":[{"href":"https:\/\/lahora.mx\/index.php\/wp-json\/wp\/v2\/posts\/68932","targetHints":{"allow":["GET"]}}],"collection":[{"href":"https:\/\/lahora.mx\/index.php\/wp-json\/wp\/v2\/posts"}],"about":[{"href":"https:\/\/lahora.mx\/index.php\/wp-json\/wp\/v2\/types\/post"}],"author":[{"embeddable":true,"href":"https:\/\/lahora.mx\/index.php\/wp-json\/wp\/v2\/users\/4"}],"replies":[{"embeddable":true,"href":"https:\/\/lahora.mx\/index.php\/wp-json\/wp\/v2\/comments?post=68932"}],"version-history":[{"count":1,"href":"https:\/\/lahora.mx\/index.php\/wp-json\/wp\/v2\/posts\/68932\/revisions"}],"predecessor-version":[{"id":68934,"href":"https:\/\/lahora.mx\/index.php\/wp-json\/wp\/v2\/posts\/68932\/revisions\/68934"}],"wp:featuredmedia":[{"embeddable":true,"href":"https:\/\/lahora.mx\/index.php\/wp-json\/wp\/v2\/media\/68933"}],"wp:attachment":[{"href":"https:\/\/lahora.mx\/index.php\/wp-json\/wp\/v2\/media?parent=68932"}],"wp:term":[{"taxonomy":"category","embeddable":true,"href":"https:\/\/lahora.mx\/index.php\/wp-json\/wp\/v2\/categories?post=68932"},{"taxonomy":"post_tag","embeddable":true,"href":"https:\/\/lahora.mx\/index.php\/wp-json\/wp\/v2\/tags?post=68932"}],"curies":[{"name":"wp","href":"https:\/\/api.w.org\/{rel}","templated":true}]}}