{"id":68920,"date":"2025-09-30T00:49:17","date_gmt":"2025-09-30T00:49:17","guid":{"rendered":"https:\/\/lahora.mx\/?p=68920"},"modified":"2025-09-30T00:49:18","modified_gmt":"2025-09-30T00:49:18","slug":"cabeza-hallada-en-acatzingo-pertenece-a-julio-torres-empresario-secuestrado-en-tecamachalco","status":"publish","type":"post","link":"https:\/\/lahora.mx\/index.php\/2025\/09\/30\/cabeza-hallada-en-acatzingo-pertenece-a-julio-torres-empresario-secuestrado-en-tecamachalco\/","title":{"rendered":"Cabeza hallada en Acatzingo pertenece a Julio Torres, empresario secuestrado en Tecamachalco"},"content":{"rendered":"\n<p>La cabeza humana hallada la ma\u00f1ana del s\u00e1bado en el centro de Acatzingo pertenece a Julio Torres, un joven empresario de 30 a\u00f1os, cuya desaparici\u00f3n hab\u00eda sido reportada desde el pasado martes 23 de septiembre en el municipio vecino de Tecamachalco.<\/p>\n\n\n\n<p>Seg\u00fan fuentes cercanas a la investigaci\u00f3n, Julio Torres fue v\u00edctima de un secuestro en Tecamachalco.<\/p>\n\n\n\n<p>Durante los d\u00edas posteriores, la familia del empresario se mantuvo en contacto con los delincuentes, concretando la entrega del dinero exigido.<\/p>\n\n\n\n<p>Sin embargo, la promesa de liberaci\u00f3n tras el secuestro en Tecamachalco fue incumplida, acabando con la esperanza de la familia de volver a ver con vida al joven.<\/p>\n\n\n\n<p>Por lo tanto, en lugar de la liberaci\u00f3n, la ma\u00f1ana del domingo se report\u00f3 el macabro hallazgo de la cabeza de Julio Torres.<\/p>\n\n\n\n<p>Hallazgo de la cabeza humana con mensaje criminal<br>La violencia en Acatzingo, municipio gobernado por Germ\u00e1n Coleote, se intensific\u00f3 durante el fin de semana tras el hallazgo de una cabeza humana acompa\u00f1ada de un mensaje amenazante. El descubrimiento ocurri\u00f3 la noche del s\u00e1bado 27 de septiembre frente al Santuario de Nuestra Se\u00f1ora de los Dolores, junto a las letras tur\u00edsticas del centro. Sin embargo, pobladores denunciaron que la polic\u00eda municipal alter\u00f3 la escena, trasladando los restos a otro punto cercano a la autopista Puebla-Orizaba, a la altura de la Subestaci\u00f3n de la CFE.<\/p>\n\n\n\n<p>El mensaje encontrado junto a la cabeza dec\u00eda: \u201cEsto te pas\u00f3 por no pagar la cuota de protecci\u00f3n\u201d, presuntamente firmado por grupos delictivos conocidos como Los Tepeacas y Los Caltencos. Este hecho ha generado temor entre los habitantes y ha puesto en evidencia la presencia de organizaciones criminales en la regi\u00f3n. Elementos de la Fiscal\u00eda General del Estado acudieron al lugar para realizar las diligencias correspondientes e iniciar la investigaci\u00f3n. Las autoridades buscan dar con los responsables del crimen, mientras la comunidad exige mayor seguridad y transparencia en el actuar de las fuerzas municipales.<\/p>\n","protected":false},"excerpt":{"rendered":"<p>La cabeza humana hallada la ma\u00f1ana del s\u00e1bado en el centro de Acatzingo pertenece a Julio Torres, un joven empresario de 30 a\u00f1os, cuya desaparici\u00f3n hab\u00eda sido reportada desde el pasado martes 23 de septiembre en el municipio vecino de Tecamachalco. Seg\u00fan fuentes cercanas a la investigaci\u00f3n, Julio Torres fue v\u00edctima de un secuestro en [&hellip;]<\/p>\n","protected":false},"author":4,"featured_media":68921,"comment_status":"open","ping_status":"open","sticky":false,"template":"","format":"standard","meta":{"om_disable_all_campaigns":false,"_monsterinsights_skip_tracking":false,"_monsterinsights_sitenote_active":false,"_monsterinsights_sitenote_note":"","_monsterinsights_sitenote_category":0,"footnotes":""},"categories":[175,226],"tags":[195,223],"class_list":["post-68920","post","type-post","status-publish","format-standard","has-post-thumbnail","hentry","category-local","category-policia","tag-principal","tag-puebla"],"amp_enabled":true,"_links":{"self":[{"href":"https:\/\/lahora.mx\/index.php\/wp-json\/wp\/v2\/posts\/68920","targetHints":{"allow":["GET"]}}],"collection":[{"href":"https:\/\/lahora.mx\/index.php\/wp-json\/wp\/v2\/posts"}],"about":[{"href":"https:\/\/lahora.mx\/index.php\/wp-json\/wp\/v2\/types\/post"}],"author":[{"embeddable":true,"href":"https:\/\/lahora.mx\/index.php\/wp-json\/wp\/v2\/users\/4"}],"replies":[{"embeddable":true,"href":"https:\/\/lahora.mx\/index.php\/wp-json\/wp\/v2\/comments?post=68920"}],"version-history":[{"count":1,"href":"https:\/\/lahora.mx\/index.php\/wp-json\/wp\/v2\/posts\/68920\/revisions"}],"predecessor-version":[{"id":68922,"href":"https:\/\/lahora.mx\/index.php\/wp-json\/wp\/v2\/posts\/68920\/revisions\/68922"}],"wp:featuredmedia":[{"embeddable":true,"href":"https:\/\/lahora.mx\/index.php\/wp-json\/wp\/v2\/media\/68921"}],"wp:attachment":[{"href":"https:\/\/lahora.mx\/index.php\/wp-json\/wp\/v2\/media?parent=68920"}],"wp:term":[{"taxonomy":"category","embeddable":true,"href":"https:\/\/lahora.mx\/index.php\/wp-json\/wp\/v2\/categories?post=68920"},{"taxonomy":"post_tag","embeddable":true,"href":"https:\/\/lahora.mx\/index.php\/wp-json\/wp\/v2\/tags?post=68920"}],"curies":[{"name":"wp","href":"https:\/\/api.w.org\/{rel}","templated":true}]}}