{"id":68901,"date":"2025-09-29T16:37:34","date_gmt":"2025-09-29T16:37:34","guid":{"rendered":"https:\/\/lahora.mx\/?p=68901"},"modified":"2025-09-29T16:41:32","modified_gmt":"2025-09-29T16:41:32","slug":"sheinbaum-anuncia-reforzamiento-en-abasto-de-medicamentos-oncologicos","status":"publish","type":"post","link":"https:\/\/lahora.mx\/index.php\/2025\/09\/29\/sheinbaum-anuncia-reforzamiento-en-abasto-de-medicamentos-oncologicos\/","title":{"rendered":"Sheinbaum anuncia reforzamiento en abasto de medicamentos oncol\u00f3gicos"},"content":{"rendered":"\n<p>La presidenta Claudia Sheinbaum inform\u00f3 que se puso en marcha un programa similar al que opera en hospitales IMSS-Bienestar con el objetivo de garantizar el suministro de medicamentos oncol\u00f3gicos en los centros de salud y hospitales de Petr\u00f3leos Mexicanos, tanto de primer como de segundo nivel.<\/p>\n\n\n\n<p>Seg\u00fan explic\u00f3, actualmente se cuenta con un abasto del 85 por ciento y se han modificado las rutas de distribuci\u00f3n para optimizar la entrega y disponibilidad de los f\u00e1rmacos en las unidades m\u00e9dicas.<br><br>Respecto a los casos de desabasto reportados por derechohabientes, Sheinbaum aclar\u00f3 que la mayor\u00eda se originaron por incumplimientos de algunas farmac\u00e9uticas en sus contratos y no por fallas en el sistema de distribuci\u00f3n.<\/p>\n\n\n\n<p>A\u00f1adi\u00f3 que esta problem\u00e1tica ha sido atendida y que la situaci\u00f3n muestra una mejora considerable en comparaci\u00f3n con meses anteriores, garantizando una atenci\u00f3n m\u00e1s oportuna a los pacientes.<\/p>\n\n\n\n<p>No te pierdas ninguna actualizaci\u00f3n importante. Explora nuestro portal para seguir informado sobre las \u00faltimas noticias en Puebla.<\/p>\n","protected":false},"excerpt":{"rendered":"<p>La presidenta Claudia Sheinbaum inform\u00f3 que se puso en marcha un programa similar al que opera en hospitales IMSS-Bienestar con el objetivo de garantizar el suministro de medicamentos oncol\u00f3gicos en los centros de salud y hospitales de Petr\u00f3leos Mexicanos, tanto de primer como de segundo nivel. Seg\u00fan explic\u00f3, actualmente se cuenta con un abasto del [&hellip;]<\/p>\n","protected":false},"author":4,"featured_media":68904,"comment_status":"open","ping_status":"open","sticky":false,"template":"","format":"standard","meta":{"om_disable_all_campaigns":false,"_monsterinsights_skip_tracking":false,"_monsterinsights_sitenote_active":false,"_monsterinsights_sitenote_note":"","_monsterinsights_sitenote_category":0,"footnotes":""},"categories":[176],"tags":[195,223],"class_list":["post-68901","post","type-post","status-publish","format-standard","has-post-thumbnail","hentry","category-nacional","tag-principal","tag-puebla"],"amp_enabled":true,"_links":{"self":[{"href":"https:\/\/lahora.mx\/index.php\/wp-json\/wp\/v2\/posts\/68901","targetHints":{"allow":["GET"]}}],"collection":[{"href":"https:\/\/lahora.mx\/index.php\/wp-json\/wp\/v2\/posts"}],"about":[{"href":"https:\/\/lahora.mx\/index.php\/wp-json\/wp\/v2\/types\/post"}],"author":[{"embeddable":true,"href":"https:\/\/lahora.mx\/index.php\/wp-json\/wp\/v2\/users\/4"}],"replies":[{"embeddable":true,"href":"https:\/\/lahora.mx\/index.php\/wp-json\/wp\/v2\/comments?post=68901"}],"version-history":[{"count":1,"href":"https:\/\/lahora.mx\/index.php\/wp-json\/wp\/v2\/posts\/68901\/revisions"}],"predecessor-version":[{"id":68903,"href":"https:\/\/lahora.mx\/index.php\/wp-json\/wp\/v2\/posts\/68901\/revisions\/68903"}],"wp:featuredmedia":[{"embeddable":true,"href":"https:\/\/lahora.mx\/index.php\/wp-json\/wp\/v2\/media\/68904"}],"wp:attachment":[{"href":"https:\/\/lahora.mx\/index.php\/wp-json\/wp\/v2\/media?parent=68901"}],"wp:term":[{"taxonomy":"category","embeddable":true,"href":"https:\/\/lahora.mx\/index.php\/wp-json\/wp\/v2\/categories?post=68901"},{"taxonomy":"post_tag","embeddable":true,"href":"https:\/\/lahora.mx\/index.php\/wp-json\/wp\/v2\/tags?post=68901"}],"curies":[{"name":"wp","href":"https:\/\/api.w.org\/{rel}","templated":true}]}}