{"id":6890,"date":"2022-05-13T22:26:36","date_gmt":"2022-05-13T22:26:36","guid":{"rendered":"http:\/\/lahora.mx\/?p=6890"},"modified":"2022-05-13T22:26:37","modified_gmt":"2022-05-13T22:26:37","slug":"emiten-alerta-amber-denuncian-secuestro-de-dos-jovencitas-en-quimixtlan","status":"publish","type":"post","link":"https:\/\/lahora.mx\/index.php\/2022\/05\/13\/emiten-alerta-amber-denuncian-secuestro-de-dos-jovencitas-en-quimixtlan\/","title":{"rendered":"Emiten Alerta Amber denuncian secuestro de dos jovencitas en Quimixtl\u00e1n"},"content":{"rendered":"\n<p>La Fiscal\u00eda de Puebla emiti\u00f3 dos Alerta Amber por la&nbsp;<strong>desaparici\u00f3n de dos menores de edad en el municipio de Quimixtl\u00e1n,<\/strong>&nbsp;Puebla. Cualquier indicio sobre su paradero se recomend\u00f3 dar informes a los tel\u00e9fonos 22 22 14 64 05 y 22 22 37 72 37.<\/p>\n\n\n\n<p><strong>Marta Noem\u00ed Ramos Luna de 16 a\u00f1os y Victoria Karina Luna de 17 a\u00f1os<\/strong>\u00a0fueron vistas por \u00faltima vez el pasado 12 de mayo a las 9:20 hrs y de acuerdo con familiares,\u00a0<strong>las menores fueron secuestradas en la localidad de Tlanepantla,<\/strong>\u00a0Puebla cuando se dirig\u00edan a su escuela.<\/p>\n\n\n\n<p>Asimismo, se indica que el autom\u00f3vil Tsuro en que las estudiantes fueron secuestradas fue abandonado y a las jovencitas las subieron a otro veh\u00edculo, del cual se desconocen sus caracter\u00edsticas.<\/p>\n\n\n\n<p>La ma\u00f1ana de este viernes, la Fiscal\u00eda General del Estado de Puebla (FGE) emiti\u00f3 la Alerta Amber con la finalidad de hacer m\u00e1s \u00e1gil la difusi\u00f3n sobre su b\u00fasqueda, se explic\u00f3 que es necesario informar cualquier se\u00f1al sobre ellas pues se teme por su integridad ya que pueden ser v\u00edctimas de alg\u00fan de delito.<\/p>\n\n\n\n<p>La primera joven responde al nombre de\u00a0<strong>Karina Luna Luna<\/strong>\u00a0de 17 a\u00f1os.<\/p>\n\n\n\n<p>Victoria Karina mide 1.60 m, tiene el cabello casta\u00f1o, ondulado y largo, sus ojos son caf\u00e9 claro, se explic\u00f3 que cuenta con tres lunares peque\u00f1os negros en la mejilla derecha, y una cicatriz en forma lineal de 1.5 cm en la frente. Vest\u00eda una blusa negra con perlas doradas, encaje en las mangas y al frente la leyenda \u2018PARIS\u2019, as\u00ed como un pantal\u00f3n de mezclilla azul claro y tenis negros.<br><\/p>\n\n\n\n<p>La segunda menor se llama&nbsp;<strong>Marta Noemi Ramos Luna&nbsp;<\/strong>de 16 a\u00f1os.<\/p>\n\n\n\n<p>Marta Noem\u00ed mide 1.55 m, tiene el cabello te\u00f1ido de rubio, largo y ondulado, sus ojos son caf\u00e9 claro, adem\u00e1s tiene un piercing en la nariz de lado izquierdo y manchas en los brazos de color blanco. Al momento de su desaparici\u00f3n, ten\u00eda un su\u00e9ter negro y un pantal\u00f3n de mezclilla azul claro.<\/p>\n","protected":false},"excerpt":{"rendered":"<p>La Fiscal\u00eda de Puebla emiti\u00f3 dos Alerta Amber por la&nbsp;desaparici\u00f3n de dos menores de edad en el municipio de Quimixtl\u00e1n,&nbsp;Puebla. Cualquier indicio sobre su paradero se recomend\u00f3 dar informes a los tel\u00e9fonos 22 22 14 64 05 y 22 22 37 72 37. Marta Noem\u00ed Ramos Luna de 16 a\u00f1os y Victoria Karina Luna de [&hellip;]<\/p>\n","protected":false},"author":4,"featured_media":6891,"comment_status":"open","ping_status":"open","sticky":false,"template":"","format":"standard","meta":{"om_disable_all_campaigns":false,"_monsterinsights_skip_tracking":false,"_monsterinsights_sitenote_active":false,"_monsterinsights_sitenote_note":"","_monsterinsights_sitenote_category":0,"footnotes":""},"categories":[175,226],"tags":[195,223],"class_list":["post-6890","post","type-post","status-publish","format-standard","has-post-thumbnail","hentry","category-local","category-policia","tag-principal","tag-puebla"],"amp_enabled":true,"_links":{"self":[{"href":"https:\/\/lahora.mx\/index.php\/wp-json\/wp\/v2\/posts\/6890","targetHints":{"allow":["GET"]}}],"collection":[{"href":"https:\/\/lahora.mx\/index.php\/wp-json\/wp\/v2\/posts"}],"about":[{"href":"https:\/\/lahora.mx\/index.php\/wp-json\/wp\/v2\/types\/post"}],"author":[{"embeddable":true,"href":"https:\/\/lahora.mx\/index.php\/wp-json\/wp\/v2\/users\/4"}],"replies":[{"embeddable":true,"href":"https:\/\/lahora.mx\/index.php\/wp-json\/wp\/v2\/comments?post=6890"}],"version-history":[{"count":1,"href":"https:\/\/lahora.mx\/index.php\/wp-json\/wp\/v2\/posts\/6890\/revisions"}],"predecessor-version":[{"id":6892,"href":"https:\/\/lahora.mx\/index.php\/wp-json\/wp\/v2\/posts\/6890\/revisions\/6892"}],"wp:featuredmedia":[{"embeddable":true,"href":"https:\/\/lahora.mx\/index.php\/wp-json\/wp\/v2\/media\/6891"}],"wp:attachment":[{"href":"https:\/\/lahora.mx\/index.php\/wp-json\/wp\/v2\/media?parent=6890"}],"wp:term":[{"taxonomy":"category","embeddable":true,"href":"https:\/\/lahora.mx\/index.php\/wp-json\/wp\/v2\/categories?post=6890"},{"taxonomy":"post_tag","embeddable":true,"href":"https:\/\/lahora.mx\/index.php\/wp-json\/wp\/v2\/tags?post=6890"}],"curies":[{"name":"wp","href":"https:\/\/api.w.org\/{rel}","templated":true}]}}