{"id":68898,"date":"2025-09-29T15:49:14","date_gmt":"2025-09-29T15:49:14","guid":{"rendered":"https:\/\/lahora.mx\/?p=68898"},"modified":"2025-09-29T15:49:15","modified_gmt":"2025-09-29T15:49:15","slug":"tras-lluvias-aparece-socavon-en-privada-quinta-arboretto-en-cuautlancingo","status":"publish","type":"post","link":"https:\/\/lahora.mx\/index.php\/2025\/09\/29\/tras-lluvias-aparece-socavon-en-privada-quinta-arboretto-en-cuautlancingo\/","title":{"rendered":"Tras lluvias aparece socav\u00f3n en privada Quinta Arboretto en Cuautlancingo"},"content":{"rendered":"\n<p>Las fuertes lluvias registradas la tarde del domingo provocaron la aparici\u00f3n de un socav\u00f3n en la privada Quinta Arboretto, en San Jacinto, Cuautlancingo, lo que mantiene en riesgo la seguridad de m\u00e1s de 200 habitantes.<\/p>\n\n\n\n<p>Los vecinos denunciaron que la oquedad podr\u00eda expandirse y afectar directamente las viviendas, por lo que hicieron un llamado urgente a las autoridades municipales y estatales para que atiendan la situaci\u00f3n y se realice una evaluaci\u00f3n inmediata de los da\u00f1os.<br><br>Adem\u00e1s del socav\u00f3n, en la misma zona se desplom\u00f3 una barda que colinda con el acceso al Parque Industrial Finsa, lo que ocasion\u00f3 que al menos cinco veh\u00edculos quedaran varados bajo el puente.<\/p>\n\n\n\n<p>Ante ello, vecinos reportaron el incidente a Protecci\u00f3n Civil, solicitando la inspecci\u00f3n del \u00e1rea y la implementaci\u00f3n de medidas preventivas para evitar mayores afectaciones.<\/p>\n\n\n\n<p>Mantente al tanto de todas las noticias de Puebla y el mundo. Haz clic aqu\u00ed para seguir explorando nuestro portal.<\/p>\n","protected":false},"excerpt":{"rendered":"<p>Las fuertes lluvias registradas la tarde del domingo provocaron la aparici\u00f3n de un socav\u00f3n en la privada Quinta Arboretto, en San Jacinto, Cuautlancingo, lo que mantiene en riesgo la seguridad de m\u00e1s de 200 habitantes. Los vecinos denunciaron que la oquedad podr\u00eda expandirse y afectar directamente las viviendas, por lo que hicieron un llamado urgente [&hellip;]<\/p>\n","protected":false},"author":4,"featured_media":68899,"comment_status":"open","ping_status":"open","sticky":false,"template":"","format":"standard","meta":{"om_disable_all_campaigns":false,"_monsterinsights_skip_tracking":false,"_monsterinsights_sitenote_active":false,"_monsterinsights_sitenote_note":"","_monsterinsights_sitenote_category":0,"footnotes":""},"categories":[175],"tags":[223],"class_list":["post-68898","post","type-post","status-publish","format-standard","has-post-thumbnail","hentry","category-local","tag-puebla"],"amp_enabled":true,"_links":{"self":[{"href":"https:\/\/lahora.mx\/index.php\/wp-json\/wp\/v2\/posts\/68898","targetHints":{"allow":["GET"]}}],"collection":[{"href":"https:\/\/lahora.mx\/index.php\/wp-json\/wp\/v2\/posts"}],"about":[{"href":"https:\/\/lahora.mx\/index.php\/wp-json\/wp\/v2\/types\/post"}],"author":[{"embeddable":true,"href":"https:\/\/lahora.mx\/index.php\/wp-json\/wp\/v2\/users\/4"}],"replies":[{"embeddable":true,"href":"https:\/\/lahora.mx\/index.php\/wp-json\/wp\/v2\/comments?post=68898"}],"version-history":[{"count":1,"href":"https:\/\/lahora.mx\/index.php\/wp-json\/wp\/v2\/posts\/68898\/revisions"}],"predecessor-version":[{"id":68900,"href":"https:\/\/lahora.mx\/index.php\/wp-json\/wp\/v2\/posts\/68898\/revisions\/68900"}],"wp:featuredmedia":[{"embeddable":true,"href":"https:\/\/lahora.mx\/index.php\/wp-json\/wp\/v2\/media\/68899"}],"wp:attachment":[{"href":"https:\/\/lahora.mx\/index.php\/wp-json\/wp\/v2\/media?parent=68898"}],"wp:term":[{"taxonomy":"category","embeddable":true,"href":"https:\/\/lahora.mx\/index.php\/wp-json\/wp\/v2\/categories?post=68898"},{"taxonomy":"post_tag","embeddable":true,"href":"https:\/\/lahora.mx\/index.php\/wp-json\/wp\/v2\/tags?post=68898"}],"curies":[{"name":"wp","href":"https:\/\/api.w.org\/{rel}","templated":true}]}}