{"id":68882,"date":"2025-09-29T02:33:22","date_gmt":"2025-09-29T02:33:22","guid":{"rendered":"https:\/\/lahora.mx\/?p=68882"},"modified":"2025-09-29T02:33:23","modified_gmt":"2025-09-29T02:33:23","slug":"atlixco-celebra-60-anos-del-huey-atlixcayotl-con-respaldo-federal-y-estatal","status":"publish","type":"post","link":"https:\/\/lahora.mx\/index.php\/2025\/09\/29\/atlixco-celebra-60-anos-del-huey-atlixcayotl-con-respaldo-federal-y-estatal\/","title":{"rendered":"Atlixco celebra 60 a\u00f1os del Huey Atlixc\u00e1yotl con respaldo federal y estatal"},"content":{"rendered":"\n<p>Con una ceremonia en el cerro de San Miguel, tambi\u00e9n conocido como Netotiloyan, el gobierno de Puebla celebr\u00f3 el 60 aniversario del Festival Huey Atlixc\u00e1yotl, considerado el evento cultural m\u00e1s representativo del estado.<\/p>\n\n\n\n<p>El gobernador Alejandro Armenta encabez\u00f3 por primera vez esta festividad, destacando su compromiso con el rescate de las tradiciones que dan identidad a las comunidades poblanas.<\/p>\n\n\n\n<p>En coordinaci\u00f3n con la presidenta municipal de Atlixco, Ariadna Ayala, y acompa\u00f1ado por el secretario de Seguridad, vicealmirante Francisco S\u00e1nchez, as\u00ed como miembros de su gabinete, Armenta inaugur\u00f3 la edici\u00f3n 2025 con el tradicional corte de list\u00f3n.<\/p>\n\n\n\n<p>Durante el acto, recibi\u00f3 el Bast\u00f3n de Mando y entreg\u00f3 el distintivo \u201cMujer Flor 2025\u201d, s\u00edmbolos de confianza y continuidad cultural otorgados por los pueblos originarios.<\/p>\n\n\n\n<p>El festival arranc\u00f3 con el tradicional \u201cBaile del convite y las calabazas\u201d del municipio anfitri\u00f3n, seguido de m\u00fasica de banda, danzas y bebidas servidas en carrizos, en un homenaje a Cayuqui, fundador del festival, cuya visi\u00f3n permanece seis d\u00e9cadas despu\u00e9s.<\/p>\n\n\n\n<p>Las presentaciones incluyeron los juegues de Zapotitl\u00e1n de M\u00e9ndez, segadores y rebeldes de San Salvador el Verde, coyotes de Santa Mar\u00eda Coyomeapan, as\u00ed como chinas y charros de a pie.<\/p>\n\n\n\n<p>El estado invitado, Oaxaca, enriqueci\u00f3 el programa con la emblem\u00e1tica danza de la pluma. Tambi\u00e9n participaron agrupaciones como el grupo Xochipitzahuac de San Andr\u00e9s Cholula y la Banda La Cari\u00f1osa.<\/p>\n\n\n\n<p>El Huey Atlixc\u00e1yotl, impulsado por el gobierno federal a trav\u00e9s de la Secretar\u00eda de Turismo, busca consolidarse a nivel nacional al mismo nivel que la Guelaguetza de Oaxaca.<\/p>\n\n\n\n<p>Adem\u00e1s de fortalecer la identidad cultural, el evento promueve el turismo comunitario y genera una importante derrama econ\u00f3mica para la regi\u00f3n.<\/p>\n\n\n\n<p>El sentir popular reafirm\u00f3 la relevancia de esta tradici\u00f3n. \u201cSiempre que sea cultura, es lo mejor para todos\u201d, coment\u00f3 Bernab\u00e9 Cabrera, asistente al festival.<\/p>\n\n\n\n<p>Para Linda P\u00e9rez, danzante de Atlixco, \u201cpreservar las tradiciones nos une\u201d. Jaime Torres, representante del baile de chinas y charros, celebr\u00f3 el respaldo gubernamental: \u201cEste festival protege lo nuestro y fortalece nuestra identidad\u201d.<\/p>\n","protected":false},"excerpt":{"rendered":"<p>Con una ceremonia en el cerro de San Miguel, tambi\u00e9n conocido como Netotiloyan, el gobierno de Puebla celebr\u00f3 el 60 aniversario del Festival Huey Atlixc\u00e1yotl, considerado el evento cultural m\u00e1s representativo del estado. El gobernador Alejandro Armenta encabez\u00f3 por primera vez esta festividad, destacando su compromiso con el rescate de las tradiciones que dan identidad [&hellip;]<\/p>\n","protected":false},"author":4,"featured_media":68883,"comment_status":"open","ping_status":"open","sticky":false,"template":"","format":"standard","meta":{"om_disable_all_campaigns":false,"_monsterinsights_skip_tracking":false,"_monsterinsights_sitenote_active":false,"_monsterinsights_sitenote_note":"","_monsterinsights_sitenote_category":0,"footnotes":""},"categories":[3,175],"tags":[],"class_list":["post-68882","post","type-post","status-publish","format-standard","has-post-thumbnail","hentry","category-entretenimiento","category-local"],"amp_enabled":true,"_links":{"self":[{"href":"https:\/\/lahora.mx\/index.php\/wp-json\/wp\/v2\/posts\/68882","targetHints":{"allow":["GET"]}}],"collection":[{"href":"https:\/\/lahora.mx\/index.php\/wp-json\/wp\/v2\/posts"}],"about":[{"href":"https:\/\/lahora.mx\/index.php\/wp-json\/wp\/v2\/types\/post"}],"author":[{"embeddable":true,"href":"https:\/\/lahora.mx\/index.php\/wp-json\/wp\/v2\/users\/4"}],"replies":[{"embeddable":true,"href":"https:\/\/lahora.mx\/index.php\/wp-json\/wp\/v2\/comments?post=68882"}],"version-history":[{"count":1,"href":"https:\/\/lahora.mx\/index.php\/wp-json\/wp\/v2\/posts\/68882\/revisions"}],"predecessor-version":[{"id":68884,"href":"https:\/\/lahora.mx\/index.php\/wp-json\/wp\/v2\/posts\/68882\/revisions\/68884"}],"wp:featuredmedia":[{"embeddable":true,"href":"https:\/\/lahora.mx\/index.php\/wp-json\/wp\/v2\/media\/68883"}],"wp:attachment":[{"href":"https:\/\/lahora.mx\/index.php\/wp-json\/wp\/v2\/media?parent=68882"}],"wp:term":[{"taxonomy":"category","embeddable":true,"href":"https:\/\/lahora.mx\/index.php\/wp-json\/wp\/v2\/categories?post=68882"},{"taxonomy":"post_tag","embeddable":true,"href":"https:\/\/lahora.mx\/index.php\/wp-json\/wp\/v2\/tags?post=68882"}],"curies":[{"name":"wp","href":"https:\/\/api.w.org\/{rel}","templated":true}]}}