{"id":68873,"date":"2025-09-29T02:03:12","date_gmt":"2025-09-29T02:03:12","guid":{"rendered":"https:\/\/lahora.mx\/?p=68873"},"modified":"2025-09-29T02:03:13","modified_gmt":"2025-09-29T02:03:13","slug":"trump-anuncia-envio-de-tropas-a-portland-para-enfrentar-terroristas","status":"publish","type":"post","link":"https:\/\/lahora.mx\/index.php\/2025\/09\/29\/trump-anuncia-envio-de-tropas-a-portland-para-enfrentar-terroristas\/","title":{"rendered":"Trump anuncia env\u00edo de tropas a Portland para enfrentar \u201cterroristas\u201d"},"content":{"rendered":"\n<p>El presidente de Estados Unidos, Donald Trump, volvi\u00f3 a encender la pol\u00e9mica al anunciar el despliegue de tropas federales en Portland, Oreg\u00f3n, con el argumento de enfrentar a \u201cterroristas dom\u00e9sticos\u201d. La medida forma parte de una estrategia m\u00e1s amplia de seguridad que el mandatario ha intentado implementar en distintas ciudades del pa\u00eds.<\/p>\n\n\n\n<p>El anuncio se realiz\u00f3 a trav\u00e9s de la red social Truth, donde Trump asegur\u00f3 haber ordenado al Departamento de Defensa \u201cproporcionar todas las tropas necesarias para proteger Portland, devastada por la guerra\u201d. Adem\u00e1s, advirti\u00f3 que autorizar\u00e1 \u201cel uso de toda la fuerza, si es necesario\u201d, en referencia a los disturbios que, seg\u00fan \u00e9l, mantienen bajo asedio a instalaciones federales.<br>El republicano justific\u00f3 la decisi\u00f3n se\u00f1alando que era indispensable para proteger las oficinas del Servicio de Inmigraci\u00f3n y Control de Aduanas (ICE), las cuales describi\u00f3 como blanco constante de ataques de grupos anarquistas y Antifa. De momento, la Casa Blanca no ha precisado detalles sobre el tipo de tropas que ser\u00e1n enviadas ni el calendario del despliegue.<\/p>\n\n\n\n<p>Este anuncio se suma a las advertencias que Trump ha lanzado en ciudades como Chicago, Baltimore y Memphis, aunque en varios casos los operativos no se han concretado. Funcionarios del Pent\u00e1gono tampoco han respondido a solicitudes de informaci\u00f3n sobre los alcances de la nueva medida, lo que ha generado incertidumbre entre autoridades locales.<\/p>\n\n\n\n<p>Desde principios de septiembre, Trump ha intensificado su discurso contra lo que denomina \u201cizquierda radical\u201d, responsabiliz\u00e1ndola de la violencia pol\u00edtica en el pa\u00eds. El alcalde de Portland, Keith Wilson, rechaz\u00f3 la intervenci\u00f3n federal y asegur\u00f3 que la ciudad ha sabido responder a protestas y actos violentos sin necesidad de la presencia militar.<\/p>\n","protected":false},"excerpt":{"rendered":"<p>El presidente de Estados Unidos, Donald Trump, volvi\u00f3 a encender la pol\u00e9mica al anunciar el despliegue de tropas federales en Portland, Oreg\u00f3n, con el argumento de enfrentar a \u201cterroristas dom\u00e9sticos\u201d. La medida forma parte de una estrategia m\u00e1s amplia de seguridad que el mandatario ha intentado implementar en distintas ciudades del pa\u00eds. El anuncio se [&hellip;]<\/p>\n","protected":false},"author":4,"featured_media":68874,"comment_status":"open","ping_status":"open","sticky":false,"template":"","format":"standard","meta":{"om_disable_all_campaigns":false,"_monsterinsights_skip_tracking":false,"_monsterinsights_sitenote_active":false,"_monsterinsights_sitenote_note":"","_monsterinsights_sitenote_category":0,"footnotes":""},"categories":[183],"tags":[],"class_list":["post-68873","post","type-post","status-publish","format-standard","has-post-thumbnail","hentry","category-internacional"],"amp_enabled":true,"_links":{"self":[{"href":"https:\/\/lahora.mx\/index.php\/wp-json\/wp\/v2\/posts\/68873","targetHints":{"allow":["GET"]}}],"collection":[{"href":"https:\/\/lahora.mx\/index.php\/wp-json\/wp\/v2\/posts"}],"about":[{"href":"https:\/\/lahora.mx\/index.php\/wp-json\/wp\/v2\/types\/post"}],"author":[{"embeddable":true,"href":"https:\/\/lahora.mx\/index.php\/wp-json\/wp\/v2\/users\/4"}],"replies":[{"embeddable":true,"href":"https:\/\/lahora.mx\/index.php\/wp-json\/wp\/v2\/comments?post=68873"}],"version-history":[{"count":1,"href":"https:\/\/lahora.mx\/index.php\/wp-json\/wp\/v2\/posts\/68873\/revisions"}],"predecessor-version":[{"id":68875,"href":"https:\/\/lahora.mx\/index.php\/wp-json\/wp\/v2\/posts\/68873\/revisions\/68875"}],"wp:featuredmedia":[{"embeddable":true,"href":"https:\/\/lahora.mx\/index.php\/wp-json\/wp\/v2\/media\/68874"}],"wp:attachment":[{"href":"https:\/\/lahora.mx\/index.php\/wp-json\/wp\/v2\/media?parent=68873"}],"wp:term":[{"taxonomy":"category","embeddable":true,"href":"https:\/\/lahora.mx\/index.php\/wp-json\/wp\/v2\/categories?post=68873"},{"taxonomy":"post_tag","embeddable":true,"href":"https:\/\/lahora.mx\/index.php\/wp-json\/wp\/v2\/tags?post=68873"}],"curies":[{"name":"wp","href":"https:\/\/api.w.org\/{rel}","templated":true}]}}