{"id":68870,"date":"2025-09-29T01:56:53","date_gmt":"2025-09-29T01:56:53","guid":{"rendered":"https:\/\/lahora.mx\/?p=68870"},"modified":"2025-09-29T01:56:53","modified_gmt":"2025-09-29T01:56:53","slug":"ssp-identifica-a-banda-delictiva-que-asalto-bodega-aurrera-y-coppel-en-puebla","status":"publish","type":"post","link":"https:\/\/lahora.mx\/index.php\/2025\/09\/29\/ssp-identifica-a-banda-delictiva-que-asalto-bodega-aurrera-y-coppel-en-puebla\/","title":{"rendered":"SSP identifica a banda delictiva que asalt\u00f3 Bodega Aurrera y Coppel en Puebla"},"content":{"rendered":"\n<p>Las autoridades de Seguridad en el estado de Puebla ya tienen identificada la banda delictiva que asalt\u00f3 un Bodega Aurrera en Xilotzingo y dos Coppel, uno en Chapulco y uno m\u00e1s en la junta auxiliar de San Jer\u00f3nimo Caleras en la ciudad poblana.<\/p>\n\n\n\n<p>Lo anterior fue confirmado por el titular de la Secretar\u00eda de Seguridad P\u00fablica (SSP) del estado de Puebla, Francisco S\u00e1nchez Gonz\u00e1lez, quien destac\u00f3 que ya cuentan con indicios respecto a estos tres hechos.<br><br>En entrevista con los medios de comunicaci\u00f3n tras asistir al Huey Atlixc\u00e1yotl 2025 en el municipio de Atlixco y despu\u00e9s de ser consultado si puede tratarse de los integrantes que se esconden en vecindades del Centro Hist\u00f3rico de Puebla, manifest\u00f3 que es importante llevar a cabo el an\u00e1lisis correspondiente.<\/p>\n\n\n\n<p>\u201cTenemos que hacer la evaluaci\u00f3n, es muy similar la forma de actuaci\u00f3n, pero tenemos alguna informaci\u00f3n y estamos trabajando. Ya hay indicios\u201d, sostuvo Francisco S\u00e1nchez.<\/p>\n\n\n\n<p>Cabe recordar que un Bodega Aurrera y dos tiendas Coppel fueron asaltadas por grupos armados que rompieron vitrinas con marros y sustrajeron equipos m\u00f3viles, as\u00ed como dinero en efectivo, dos de los tres robos ocurrieron este fin de semana.<\/p>\n\n\n\n<p>El asalto a Coppel de San Jos\u00e9 Chapulco ocurri\u00f3 el pasado s\u00e1bado 27 de septiembre cuando un grupo de hombres en motocicleta ingresaron al establecimiento, con marros y armas de fuego rompieron vitrinas del \u00e1rea de telefon\u00eda y se llevaron m\u00e1s de 10 equipos.<\/p>\n\n\n\n<p>El asalto a Coppel de San Jer\u00f3nimo Caleras se present\u00f3 el pasado viernes 26 de septiembre, cuando dos sujetos encapuchados y armados irrumpieron al lugar, amenazaron a los empleados y los obligaron a entregar el dinero de las cajas registradoras, llev\u00e1ndose cerca de 40 mil pesos.<\/p>\n\n\n\n<p>Asalto a Bodega Aurrera de Xilotzingo ocurri\u00f3 el pasado 25 de septiembre, cuando seis hombres armados asaltaron dicha sucursal que se ubica sobre bulevar Valsequillo, rompieron vitrinas del \u00e1rea de telefon\u00eda y sustrajeron aproximadamente de 45 tel\u00e9fonos celulares.<\/p>\n","protected":false},"excerpt":{"rendered":"<p>Las autoridades de Seguridad en el estado de Puebla ya tienen identificada la banda delictiva que asalt\u00f3 un Bodega Aurrera en Xilotzingo y dos Coppel, uno en Chapulco y uno m\u00e1s en la junta auxiliar de San Jer\u00f3nimo Caleras en la ciudad poblana. Lo anterior fue confirmado por el titular de la Secretar\u00eda de Seguridad [&hellip;]<\/p>\n","protected":false},"author":4,"featured_media":68871,"comment_status":"open","ping_status":"open","sticky":false,"template":"","format":"standard","meta":{"om_disable_all_campaigns":false,"_monsterinsights_skip_tracking":false,"_monsterinsights_sitenote_active":false,"_monsterinsights_sitenote_note":"","_monsterinsights_sitenote_category":0,"footnotes":""},"categories":[175,226],"tags":[],"class_list":["post-68870","post","type-post","status-publish","format-standard","has-post-thumbnail","hentry","category-local","category-policia"],"amp_enabled":true,"_links":{"self":[{"href":"https:\/\/lahora.mx\/index.php\/wp-json\/wp\/v2\/posts\/68870","targetHints":{"allow":["GET"]}}],"collection":[{"href":"https:\/\/lahora.mx\/index.php\/wp-json\/wp\/v2\/posts"}],"about":[{"href":"https:\/\/lahora.mx\/index.php\/wp-json\/wp\/v2\/types\/post"}],"author":[{"embeddable":true,"href":"https:\/\/lahora.mx\/index.php\/wp-json\/wp\/v2\/users\/4"}],"replies":[{"embeddable":true,"href":"https:\/\/lahora.mx\/index.php\/wp-json\/wp\/v2\/comments?post=68870"}],"version-history":[{"count":1,"href":"https:\/\/lahora.mx\/index.php\/wp-json\/wp\/v2\/posts\/68870\/revisions"}],"predecessor-version":[{"id":68872,"href":"https:\/\/lahora.mx\/index.php\/wp-json\/wp\/v2\/posts\/68870\/revisions\/68872"}],"wp:featuredmedia":[{"embeddable":true,"href":"https:\/\/lahora.mx\/index.php\/wp-json\/wp\/v2\/media\/68871"}],"wp:attachment":[{"href":"https:\/\/lahora.mx\/index.php\/wp-json\/wp\/v2\/media?parent=68870"}],"wp:term":[{"taxonomy":"category","embeddable":true,"href":"https:\/\/lahora.mx\/index.php\/wp-json\/wp\/v2\/categories?post=68870"},{"taxonomy":"post_tag","embeddable":true,"href":"https:\/\/lahora.mx\/index.php\/wp-json\/wp\/v2\/tags?post=68870"}],"curies":[{"name":"wp","href":"https:\/\/api.w.org\/{rel}","templated":true}]}}