{"id":6887,"date":"2022-05-13T22:18:09","date_gmt":"2022-05-13T22:18:09","guid":{"rendered":"http:\/\/lahora.mx\/?p=6887"},"modified":"2022-05-13T22:18:10","modified_gmt":"2022-05-13T22:18:10","slug":"denuncian-intento-de-rapto-a-una-mujer-en-lomas-del-sur","status":"publish","type":"post","link":"https:\/\/lahora.mx\/index.php\/2022\/05\/13\/denuncian-intento-de-rapto-a-una-mujer-en-lomas-del-sur\/","title":{"rendered":"Denuncian intento de rapto a una mujer en Lomas del Sur"},"content":{"rendered":"\n<p>Una&nbsp;<strong>mujer fue aparentemente privada de su libertad&nbsp;<\/strong>cuando caminaba sobre calles de la&nbsp;<strong>colonia Lomas del Sur,<\/strong>&nbsp;esta ma\u00f1ana, por sujetos desconocidos en una camioneta particular.<\/p>\n\n\n\n<p><strong>Testigos aseguran que escucharon gritos de una joven mujer<\/strong>, que caminaba sobre la calle Aquiles Serd\u00e1n antes de llegar a la esquina con Alel\u00ed, que dec\u00eda\u00a0<em><strong>\u201cno, por favor no me lleven\u2026\u201d<\/strong><\/em>\u00a0y poco despu\u00e9s unos sujetos que la interceptaron,\u00a0<strong>la subieron por la fuerza en una camioneta pick up color vino o guinda<\/strong>\u00a0para tomar rumbo desconocido.<br><\/p>\n\n\n\n<p>Aunque de inmediato llamaron al n\u00famero de emergencias 9-1-1 y poco despu\u00e9s llegaron polic\u00edas municipales hasta ese punto donde ya hab\u00eda varios vecinos pidiendo la intensa b\u00fasqueda de la f\u00e9mina, aportando algunos detalles del lugar, de ella y de los responsables.<\/p>\n\n\n\n<p>En estos momentos hay un<strong>\u00a0dispositivo de b\u00fasqueda por todos los vectores policiales para ubicar el veh\u00edculo<\/strong>\u00a0y la mujer que habr\u00eda sido \u201clevantada\u201d.<br>Aunque habr\u00eda la posibilidad de que tambi\u00e9n podr\u00eda tratarse del cumplimiento de una orden de aprehensi\u00f3n, dado a que son de manera sigilosa, se espera que m\u00e1s adelante autoridades de la Fiscal\u00eda General del Estado lo confirmen o descarten.<\/p>\n","protected":false},"excerpt":{"rendered":"<p>Una&nbsp;mujer fue aparentemente privada de su libertad&nbsp;cuando caminaba sobre calles de la&nbsp;colonia Lomas del Sur,&nbsp;esta ma\u00f1ana, por sujetos desconocidos en una camioneta particular. Testigos aseguran que escucharon gritos de una joven mujer, que caminaba sobre la calle Aquiles Serd\u00e1n antes de llegar a la esquina con Alel\u00ed, que dec\u00eda\u00a0\u201cno, por favor no me lleven\u2026\u201d\u00a0y poco [&hellip;]<\/p>\n","protected":false},"author":4,"featured_media":6888,"comment_status":"open","ping_status":"open","sticky":false,"template":"","format":"standard","meta":{"om_disable_all_campaigns":false,"_monsterinsights_skip_tracking":false,"_monsterinsights_sitenote_active":false,"_monsterinsights_sitenote_note":"","_monsterinsights_sitenote_category":0,"footnotes":""},"categories":[175,226],"tags":[195,223],"class_list":["post-6887","post","type-post","status-publish","format-standard","has-post-thumbnail","hentry","category-local","category-policia","tag-principal","tag-puebla"],"amp_enabled":true,"_links":{"self":[{"href":"https:\/\/lahora.mx\/index.php\/wp-json\/wp\/v2\/posts\/6887","targetHints":{"allow":["GET"]}}],"collection":[{"href":"https:\/\/lahora.mx\/index.php\/wp-json\/wp\/v2\/posts"}],"about":[{"href":"https:\/\/lahora.mx\/index.php\/wp-json\/wp\/v2\/types\/post"}],"author":[{"embeddable":true,"href":"https:\/\/lahora.mx\/index.php\/wp-json\/wp\/v2\/users\/4"}],"replies":[{"embeddable":true,"href":"https:\/\/lahora.mx\/index.php\/wp-json\/wp\/v2\/comments?post=6887"}],"version-history":[{"count":1,"href":"https:\/\/lahora.mx\/index.php\/wp-json\/wp\/v2\/posts\/6887\/revisions"}],"predecessor-version":[{"id":6889,"href":"https:\/\/lahora.mx\/index.php\/wp-json\/wp\/v2\/posts\/6887\/revisions\/6889"}],"wp:featuredmedia":[{"embeddable":true,"href":"https:\/\/lahora.mx\/index.php\/wp-json\/wp\/v2\/media\/6888"}],"wp:attachment":[{"href":"https:\/\/lahora.mx\/index.php\/wp-json\/wp\/v2\/media?parent=6887"}],"wp:term":[{"taxonomy":"category","embeddable":true,"href":"https:\/\/lahora.mx\/index.php\/wp-json\/wp\/v2\/categories?post=6887"},{"taxonomy":"post_tag","embeddable":true,"href":"https:\/\/lahora.mx\/index.php\/wp-json\/wp\/v2\/tags?post=6887"}],"curies":[{"name":"wp","href":"https:\/\/api.w.org\/{rel}","templated":true}]}}