{"id":68865,"date":"2025-09-28T23:45:44","date_gmt":"2025-09-28T23:45:44","guid":{"rendered":"https:\/\/lahora.mx\/?p=68865"},"modified":"2025-09-29T01:54:38","modified_gmt":"2025-09-29T01:54:38","slug":"armenta-preside-toma-de-protesta-de-la-red-tejedoras-de-la-patria-en-puebla","status":"publish","type":"post","link":"https:\/\/lahora.mx\/index.php\/2025\/09\/28\/armenta-preside-toma-de-protesta-de-la-red-tejedoras-de-la-patria-en-puebla\/","title":{"rendered":"Armenta preside toma de protesta de la Red Tejedoras de la Patria en Puebla"},"content":{"rendered":"\n<p>El gobernador Alejandro Armenta encabez\u00f3 este domingo la ceremonia de protesta de nuevas integrantes de la Red Tejedoras de la Patria en Puebla, iniciativa que busca impulsar la participaci\u00f3n social y fortalecer el liderazgo de las mujeres en comunidades del estado.<\/p>\n\n\n\n<p>Durante el acto, el mandatario resalt\u00f3 que con la incorporaci\u00f3n de m\u00e1s poblanas a esta red se ampl\u00eda la capacidad de organizaci\u00f3n comunitaria y se avanza en la construcci\u00f3n de un modelo de transformaci\u00f3n con enfoque de inclusi\u00f3n.<br><br>La Red Tejedoras de la Patria, promovida a nivel nacional, ha venido consolid\u00e1ndose en Puebla mediante capacitaciones y actividades territoriales que refuerzan el tejido social, la igualdad sustantiva y la construcci\u00f3n de paz en los municipios.<\/p>\n","protected":false},"excerpt":{"rendered":"<p>El gobernador Alejandro Armenta encabez\u00f3 este domingo la ceremonia de protesta de nuevas integrantes de la Red Tejedoras de la Patria en Puebla, iniciativa que busca impulsar la participaci\u00f3n social y fortalecer el liderazgo de las mujeres en comunidades del estado. Durante el acto, el mandatario resalt\u00f3 que con la incorporaci\u00f3n de m\u00e1s poblanas a [&hellip;]<\/p>\n","protected":false},"author":4,"featured_media":68866,"comment_status":"open","ping_status":"open","sticky":false,"template":"","format":"standard","meta":{"om_disable_all_campaigns":false,"_monsterinsights_skip_tracking":false,"_monsterinsights_sitenote_active":false,"_monsterinsights_sitenote_note":"","_monsterinsights_sitenote_category":0,"footnotes":""},"categories":[175],"tags":[239,195,223],"class_list":["post-68865","post","type-post","status-publish","format-standard","has-post-thumbnail","hentry","category-local","tag-gobierno","tag-principal","tag-puebla"],"amp_enabled":true,"_links":{"self":[{"href":"https:\/\/lahora.mx\/index.php\/wp-json\/wp\/v2\/posts\/68865","targetHints":{"allow":["GET"]}}],"collection":[{"href":"https:\/\/lahora.mx\/index.php\/wp-json\/wp\/v2\/posts"}],"about":[{"href":"https:\/\/lahora.mx\/index.php\/wp-json\/wp\/v2\/types\/post"}],"author":[{"embeddable":true,"href":"https:\/\/lahora.mx\/index.php\/wp-json\/wp\/v2\/users\/4"}],"replies":[{"embeddable":true,"href":"https:\/\/lahora.mx\/index.php\/wp-json\/wp\/v2\/comments?post=68865"}],"version-history":[{"count":1,"href":"https:\/\/lahora.mx\/index.php\/wp-json\/wp\/v2\/posts\/68865\/revisions"}],"predecessor-version":[{"id":68867,"href":"https:\/\/lahora.mx\/index.php\/wp-json\/wp\/v2\/posts\/68865\/revisions\/68867"}],"wp:featuredmedia":[{"embeddable":true,"href":"https:\/\/lahora.mx\/index.php\/wp-json\/wp\/v2\/media\/68866"}],"wp:attachment":[{"href":"https:\/\/lahora.mx\/index.php\/wp-json\/wp\/v2\/media?parent=68865"}],"wp:term":[{"taxonomy":"category","embeddable":true,"href":"https:\/\/lahora.mx\/index.php\/wp-json\/wp\/v2\/categories?post=68865"},{"taxonomy":"post_tag","embeddable":true,"href":"https:\/\/lahora.mx\/index.php\/wp-json\/wp\/v2\/tags?post=68865"}],"curies":[{"name":"wp","href":"https:\/\/api.w.org\/{rel}","templated":true}]}}