{"id":68862,"date":"2025-09-28T23:33:47","date_gmt":"2025-09-28T23:33:47","guid":{"rendered":"https:\/\/lahora.mx\/?p=68862"},"modified":"2025-09-28T23:33:48","modified_gmt":"2025-09-28T23:33:48","slug":"asi-fue-la-boda-privada-de-selena-gomez-y-benny-blanco-con-invitados-de-lujo-vivan-los-novios","status":"publish","type":"post","link":"https:\/\/lahora.mx\/index.php\/2025\/09\/28\/asi-fue-la-boda-privada-de-selena-gomez-y-benny-blanco-con-invitados-de-lujo-vivan-los-novios\/","title":{"rendered":"As\u00ed fue la boda privada de Selena G\u00f3mez y Benny Blanco con invitados de lujo \u00a1Vivan los novios!"},"content":{"rendered":"\n<p>El d\u00eda finalmente lleg\u00f3 para la actriz y cantante Selena G\u00f3mez y el productor musical Benny Blanco, quienes el 27 de septiembre se unieron en matrimonio ante la mirada de sus amistades y familiares m\u00e1s \u00edntimos.<\/p>\n\n\n\n<p>Aunque este momento era uno de los m\u00e1s esperados por los fans de Selena G\u00f3mez, la cantante y su ahora esposo optaron por una boda alejada de los medios de comunicaci\u00f3n en un lugar rodeado por naturaleza en una finca de Montecito, cerca de Santa B\u00e1rbara.<\/p>\n\n\n\n<p>Dentro de los invitados figuraron artistas de renombre mundial, cercanos a Selena G\u00f3mez y Benny Blanco, como Taylor Swift, Steve Martin y Martin Short.<\/p>\n\n\n\n<p>Cabe destacar que, la boda se alej\u00f3 de las costumbres y present\u00f3 actividades como un baile entre G\u00f3mez y su abuelo materno, eliminando del itinerario el tradicional \u201cprimer baile\u201d de los esposos.<\/p>\n\n\n\n<p>Lejos de que este hecho afectara la boda, demostr\u00f3 que la uni\u00f3n entre los artistas fuera aut\u00e9ntica, convirti\u00e9ndose en un momento \u00edntimo con sus allegados y no en un acto protocolario.<\/p>\n\n\n\n<p>Por otro lado, la comida coron\u00f3 la noche con platillos del tex-mex y el pan tradicional challah, adem\u00e1s de las galletas de la abuela de Selena G\u00f3mez.<\/p>\n\n\n\n<p>Selena G\u00f3mez y Benny Blanco: los esposos<br>A pesar de la ausencia de la prensa en el evento, Selena G\u00f3mez comparti\u00f3 en sus redes sociales una serie de fotograf\u00edas junto a su esposo Benny Blanco.<\/p>\n\n\n\n<p>Las im\u00e1genes, muy al estilo vintage, reunieron miles de likes en tan solo unos minutos y mostraron el amor y la felicidad de la pareja en el especial d\u00eda.<\/p>\n\n\n\n<p>Selena G\u00f3mez luci\u00f3 un vestido blanco a la medida, sin excesos, el cual resalt\u00f3 la belleza y elegancia de la actriz. Mientras que Benny Blanco apareci\u00f3 en un tradicional traje negro con un corbat\u00edn y su caracter\u00edstico peinado.<\/p>\n","protected":false},"excerpt":{"rendered":"<p>El d\u00eda finalmente lleg\u00f3 para la actriz y cantante Selena G\u00f3mez y el productor musical Benny Blanco, quienes el 27 de septiembre se unieron en matrimonio ante la mirada de sus amistades y familiares m\u00e1s \u00edntimos. Aunque este momento era uno de los m\u00e1s esperados por los fans de Selena G\u00f3mez, la cantante y su [&hellip;]<\/p>\n","protected":false},"author":4,"featured_media":68863,"comment_status":"open","ping_status":"open","sticky":false,"template":"","format":"standard","meta":{"om_disable_all_campaigns":false,"_monsterinsights_skip_tracking":false,"_monsterinsights_sitenote_active":false,"_monsterinsights_sitenote_note":"","_monsterinsights_sitenote_category":0,"footnotes":""},"categories":[3],"tags":[],"class_list":["post-68862","post","type-post","status-publish","format-standard","has-post-thumbnail","hentry","category-entretenimiento"],"amp_enabled":true,"_links":{"self":[{"href":"https:\/\/lahora.mx\/index.php\/wp-json\/wp\/v2\/posts\/68862","targetHints":{"allow":["GET"]}}],"collection":[{"href":"https:\/\/lahora.mx\/index.php\/wp-json\/wp\/v2\/posts"}],"about":[{"href":"https:\/\/lahora.mx\/index.php\/wp-json\/wp\/v2\/types\/post"}],"author":[{"embeddable":true,"href":"https:\/\/lahora.mx\/index.php\/wp-json\/wp\/v2\/users\/4"}],"replies":[{"embeddable":true,"href":"https:\/\/lahora.mx\/index.php\/wp-json\/wp\/v2\/comments?post=68862"}],"version-history":[{"count":1,"href":"https:\/\/lahora.mx\/index.php\/wp-json\/wp\/v2\/posts\/68862\/revisions"}],"predecessor-version":[{"id":68864,"href":"https:\/\/lahora.mx\/index.php\/wp-json\/wp\/v2\/posts\/68862\/revisions\/68864"}],"wp:featuredmedia":[{"embeddable":true,"href":"https:\/\/lahora.mx\/index.php\/wp-json\/wp\/v2\/media\/68863"}],"wp:attachment":[{"href":"https:\/\/lahora.mx\/index.php\/wp-json\/wp\/v2\/media?parent=68862"}],"wp:term":[{"taxonomy":"category","embeddable":true,"href":"https:\/\/lahora.mx\/index.php\/wp-json\/wp\/v2\/categories?post=68862"},{"taxonomy":"post_tag","embeddable":true,"href":"https:\/\/lahora.mx\/index.php\/wp-json\/wp\/v2\/tags?post=68862"}],"curies":[{"name":"wp","href":"https:\/\/api.w.org\/{rel}","templated":true}]}}