{"id":68859,"date":"2025-09-28T18:21:32","date_gmt":"2025-09-28T18:21:32","guid":{"rendered":"https:\/\/lahora.mx\/?p=68859"},"modified":"2025-09-28T18:21:32","modified_gmt":"2025-09-28T18:21:32","slug":"claudia-sheinbaum-rehen-de-las-filtraciones-sinaloa-y-washington","status":"publish","type":"post","link":"https:\/\/lahora.mx\/index.php\/2025\/09\/28\/claudia-sheinbaum-rehen-de-las-filtraciones-sinaloa-y-washington\/","title":{"rendered":"Claudia Sheinbaum: reh\u00e9n de las filtraciones, Sinaloa y Washington"},"content":{"rendered":"\n<p>En pol\u00edtica no hay casualidades. Cuando los expedientes de casos como La Barredora o el huachicol fiscal aparecen en la prensa, no se trata de filtraciones accidentales. Son operaciones bien planeadas. El punto de origen no parece ser la presidenta \u2014como algunos comentaristas sugieren\u2014, sino m\u00e1s bien los aparatos institucionales que buscan deslindarse de la herencia de L\u00f3pez Obrador: Fiscal\u00eda, Marina y facciones de seguridad que ya no est\u00e1n dispuestas a cargar con el costo de pactos pol\u00edticos\u2013criminales.<\/p>\n\n\n\n<p>El resultado es un golpe narrativo: Claudia Sheinbaum queda atrapada. Defiende en p\u00fablico lo que en privado otros exhiben. Y en esa contradicci\u00f3n, la presidenta aparece d\u00e9bil, sin control de los resortes de poder que deber\u00edan sostenerla.<br><br>El caso de Sinaloa es todav\u00eda m\u00e1s revelador. En la misma jornada en que Garc\u00eda Harfuch encabeza un gabinete de seguridad en Culiac\u00e1n, la nieta del gobernador Rocha Moya es \u201casaltada\u201d y sus escoltas resultan heridos. Pretender que fue un robo de veh\u00edculo al azar es insultar la inteligencia colectiva. El mensaje fue claro: los grupos locales mantienen el control, y ni la familia del gobernador est\u00e1 a salvo. Sin embargo, el gobierno federal insiste en sostener a Rocha, contra toda l\u00f3gica, y con ello ata su propia credibilidad a un gobernador insostenible.<\/p>\n\n\n\n<p>Si fuera poco, en Washington se evidenci\u00f3 otra grieta. En un foro de la Heritage Foundation, el embajador Johnson reconoci\u00f3 p\u00fablicamente que existe una diferencia entre la estrategia de Sheinbaum y la de AMLO. Era un gesto de reconocimiento. Era una oportunidad para la presidenta: asumir autonom\u00eda y proyectar liderazgo propio frente a Estados Unidos. Pero no tard\u00f3 ni 24 horas la respuesta, lo neg\u00f3 estruendosamente, como si el simple matiz pudiera incomodar a L\u00f3pez Obrador. Al hacerlo, prefiri\u00f3 pagar el costo internacional antes que asumir independencia.<\/p>\n\n\n\n<p>Aunque en pol\u00edtica internacional cada frase y cada minuto cuenta, a\u00fan hay margen de correcci\u00f3n. Los tiempos pol\u00edticos preelectorales ofrecen una ventana para que la presidenta redefina su narrativa y retome la iniciativa. En particular, la discusi\u00f3n sobre adelantar la revocaci\u00f3n de mandato puede convertirse en una tabla de salvaci\u00f3n: si se aprueba, la figura presidencial se ata formalmente a Morena y a sus estructuras, pero parad\u00f3jicamente ese amarre incrementa los m\u00e1rgenes de autonom\u00eda de Sheinbaum frente al obradorismo. Le dar\u00eda legitimidad propia y la posibilidad de proyectarse ya no como la heredera de L\u00f3pez Obrador, sino como la mandataria capaz de conducir al pa\u00eds en un nuevo ciclo pol\u00edtico.<\/p>\n\n\n\n<p>La clave est\u00e1 en lo que en cada vez m\u00e1s foros oficiales y no oficiales se comenta, a veces a manera de pregunta y otras como sarcasmo o reclamo: si Sheinbaum logra entender que sostener gobernadores insostenibles y negar distinciones estrat\u00e9gicas solo prolonga su vulnerabilidad. Si aprovecha la coyuntura para separarse en los hechos de AMLO, aunque lo niegue en el discurso, a\u00fan puede recuperar autoridad y credibilidad, tanto en el frente interno como en la relaci\u00f3n bilateral con Estados Unidos. Al tiempo.<\/p>\n","protected":false},"excerpt":{"rendered":"<p>En pol\u00edtica no hay casualidades. Cuando los expedientes de casos como La Barredora o el huachicol fiscal aparecen en la prensa, no se trata de filtraciones accidentales. Son operaciones bien planeadas. El punto de origen no parece ser la presidenta \u2014como algunos comentaristas sugieren\u2014, sino m\u00e1s bien los aparatos institucionales que buscan deslindarse de la [&hellip;]<\/p>\n","protected":false},"author":4,"featured_media":68860,"comment_status":"open","ping_status":"open","sticky":false,"template":"","format":"standard","meta":{"om_disable_all_campaigns":false,"_monsterinsights_skip_tracking":false,"_monsterinsights_sitenote_active":false,"_monsterinsights_sitenote_note":"","_monsterinsights_sitenote_category":0,"footnotes":""},"categories":[176],"tags":[195],"class_list":["post-68859","post","type-post","status-publish","format-standard","has-post-thumbnail","hentry","category-nacional","tag-principal"],"amp_enabled":true,"_links":{"self":[{"href":"https:\/\/lahora.mx\/index.php\/wp-json\/wp\/v2\/posts\/68859","targetHints":{"allow":["GET"]}}],"collection":[{"href":"https:\/\/lahora.mx\/index.php\/wp-json\/wp\/v2\/posts"}],"about":[{"href":"https:\/\/lahora.mx\/index.php\/wp-json\/wp\/v2\/types\/post"}],"author":[{"embeddable":true,"href":"https:\/\/lahora.mx\/index.php\/wp-json\/wp\/v2\/users\/4"}],"replies":[{"embeddable":true,"href":"https:\/\/lahora.mx\/index.php\/wp-json\/wp\/v2\/comments?post=68859"}],"version-history":[{"count":1,"href":"https:\/\/lahora.mx\/index.php\/wp-json\/wp\/v2\/posts\/68859\/revisions"}],"predecessor-version":[{"id":68861,"href":"https:\/\/lahora.mx\/index.php\/wp-json\/wp\/v2\/posts\/68859\/revisions\/68861"}],"wp:featuredmedia":[{"embeddable":true,"href":"https:\/\/lahora.mx\/index.php\/wp-json\/wp\/v2\/media\/68860"}],"wp:attachment":[{"href":"https:\/\/lahora.mx\/index.php\/wp-json\/wp\/v2\/media?parent=68859"}],"wp:term":[{"taxonomy":"category","embeddable":true,"href":"https:\/\/lahora.mx\/index.php\/wp-json\/wp\/v2\/categories?post=68859"},{"taxonomy":"post_tag","embeddable":true,"href":"https:\/\/lahora.mx\/index.php\/wp-json\/wp\/v2\/tags?post=68859"}],"curies":[{"name":"wp","href":"https:\/\/api.w.org\/{rel}","templated":true}]}}